{"id":213717,"date":"2023-05-12T11:58:34","date_gmt":"2023-05-12T14:58:34","guid":{"rendered":"https:\/\/diarioregionaldigital.com.br\/?p=213717"},"modified":"2023-05-12T11:58:34","modified_gmt":"2023-05-12T14:58:34","slug":"rumo-a-paris-basquete-feminino-brasileiro-conhece-rivais-na-americupw","status":"publish","type":"post","link":"https:\/\/diarioregionaldigital.com.br\/?p=213717","title":{"rendered":"Rumo a Paris: basquete feminino brasileiro conhece rivais na AmeriCupW"},"content":{"rendered":"<p>A caminhada da sele\u00e7\u00e3o brasileira feminina de basquete rumo a Olimp\u00edada de Paris 2024 come\u00e7a em julho, no AmeriCupW, no M\u00e9xico, a Copa Am\u00e9rica da modalidade. As primeiras advers\u00e1rias da fase de grupos foram definidas por sorteio nesta quarta-feira (10). No sorteio das chaves, a equipe comandada pelo t\u00e9cnico Jos\u00e9 Neto caiu no Grupo A, junto com Estados Unidos, Argentina, Venezuela e Cuba. \u00a0Ao final do torneio, as duas sele\u00e7\u00f5es primeiras colocadas garantem vaga direta no Pr\u00e9-Ol\u00edmpico Mundial de 2024.<\/p>\n<p>&#8220;Uma competi\u00e7\u00e3o que n\u00e3o tem jogos f\u00e1ceis! Um grupo duro, com EUA favorito para o t\u00edtulo e 3 das 4 equipes sul-americanas classificadas, sendo Venezuela, que enfrentamos na semifinal e Argentina na Final do \u00faltimo Sul-Americano. Para finalizar o grupo, a tradicional equipe de Cuba, que vem recuperando seu basquetebol competitivo e sempre joga com muita intensidade. Temos que encarar cada jogo como um jogo \u00fanico para classificarmos na melhor posi\u00e7\u00e3o poss\u00edvel e avan\u00e7armos na competi\u00e7\u00e3o. Para isso, vamos fazer uma excelente etapa de treinamento e chegarmos preparados para esta dura competi\u00e7\u00e3o \u2013 projeta Jos\u00e9 Neto, em depoimento \u00e0 Confedera\u00e7\u00e3o Brasileira de Basquete (CBB).<\/p>\n<p>A sele\u00e7\u00e3o busca superar a frustra\u00e7\u00e3o de ter ficado de fora dos Jogos de T\u00f3quio, o que n\u00e3o ocorria desde 1992. \u00a0Nas duas \u00faltimas edi\u00e7\u00f5es de AmeriCupW, as brasileiras subiram ao p\u00f3dio com a medalha de bronze. A \u00faltima delas garantiu o pa\u00eds no Pr\u00e9-Ol\u00edmpico em Bourges (Fran\u00e7a), mas a equipe terminou a disputa sem vit\u00f3rias.<\/p>\n<h2>Formato da disputa<\/h2>\n<p>A competi\u00e7\u00e3o reunir\u00e1 10 equipes, divididas em duas chaves. NO Grupo B est\u00e3o Canad\u00e1, Rep\u00fablica Dominicana, Col\u00f4mbia, M\u00e9xico e Porto Rico.\u00a0 As sele\u00e7\u00f5es competem entre si, dentro dos pr\u00f3prio grupos a partir do dia 1\u00ba de julho, dentro dos pr\u00f3prio grupos. As quatro melhores avan\u00e7am \u00e0s quartas de final \u00a0(1A x 4B, 2A x 3B, 3A x 2B, 4A x 1B), programadas para o dia 7 de julho. Quem se classificar disputar\u00e1 as semifinais no dia 8 e a disputa do t\u00edtulo ser\u00e1 em 9 de julho.<\/p>\n<p>A equipe campe\u00e3 e a vice ter\u00e3o vagas diretas no Pr\u00e9-Ol\u00edmpico Mundial de 2024. J\u00e1 quem ficar entre a terceira e a quarta coloca\u00e7\u00e3o no AmeriCupW avan\u00e7ar\u00e1 ao Pr\u00e9-Ol\u00ecmpico das Am\u00e9ricas, ainda neste ano. \u00a0O torneio regional distribui duas vagas para o Pr\u00e9-Olimpico Mundial.<\/p>\n<h2>Classifica\u00e7\u00e3o a Paris 2024<\/h2>\n<p>A Olimp\u00edada reunir\u00e1 apenas 12 sele\u00e7\u00f5es femininas. Duas vagas j\u00e1 est\u00e3o definidas: uma dos Estados Unidos, campe\u00e3o da Copa do Mundo de 2022, e outra da Fran\u00e7a por ser o pa\u00eds-sede. As demais vagas ser\u00e3o distribu\u00eddas nos torneios classificat\u00f3rios continentais. \u00a0Haver\u00e1 dois torneios de quatro equipes tanto na \u00c1sia, quanto nas Am\u00e9ricas, e um de seis equipes na \u00c1frica. Os campe\u00f5es e os vices de cada competi\u00e7\u00e3o se garantem nos Pr\u00e9-Ol\u00edmpicos.<\/p>\n<p>Ao todo os Pr\u00e9-Ol\u00edmpicos reunir\u00e3o 16 sele\u00e7\u00f5es de todos os continentes. Ser\u00e3o quatro torneios com quatro pa\u00edses cada. Ao final, as tr\u00eas melhores arrematam as \u00faltimas vagas para Paris.<\/p>\n<p><span style=\"font-weight: 400;\">Fonte: Ag\u00eancia Brasil <\/span><\/p>\n<p>&nbsp;<\/p>\n","protected":false},"excerpt":{"rendered":"<p>A caminhada da sele\u00e7\u00e3o brasileira feminina de basquete rumo a Olimp\u00edada de Paris 2024 come\u00e7a em julho, no AmeriCupW, no M\u00e9xico, a Copa Am\u00e9rica da modalidade. As primeiras advers\u00e1rias da fase de grupos foram definidas por sorteio nesta quarta-feira (10). No sorteio das chaves, a equipe comandada pelo t\u00e9cnico Jos\u00e9 Neto caiu no Grupo A, [&hellip;]<\/p>\n","protected":false},"author":246,"featured_media":213718,"comment_status":"closed","ping_status":"closed","sticky":false,"template":"","format":"standard","meta":{"footnotes":""},"categories":[436,257,439],"tags":[],"class_list":["post-213717","post","type-post","status-publish","format-standard","has-post-thumbnail","hentry","category-destaque-da-semana","category-esporte","category-ultima-hora"],"_links":{"self":[{"href":"https:\/\/diarioregionaldigital.com.br\/index.php?rest_route=\/wp\/v2\/posts\/213717","targetHints":{"allow":["GET"]}}],"collection":[{"href":"https:\/\/diarioregionaldigital.com.br\/index.php?rest_route=\/wp\/v2\/posts"}],"about":[{"href":"https:\/\/diarioregionaldigital.com.br\/index.php?rest_route=\/wp\/v2\/types\/post"}],"author":[{"embeddable":true,"href":"https:\/\/diarioregionaldigital.com.br\/index.php?rest_route=\/wp\/v2\/users\/246"}],"replies":[{"embeddable":true,"href":"https:\/\/diarioregionaldigital.com.br\/index.php?rest_route=%2Fwp%2Fv2%2Fcomments&post=213717"}],"version-history":[{"count":1,"href":"https:\/\/diarioregionaldigital.com.br\/index.php?rest_route=\/wp\/v2\/posts\/213717\/revisions"}],"predecessor-version":[{"id":213719,"href":"https:\/\/diarioregionaldigital.com.br\/index.php?rest_route=\/wp\/v2\/posts\/213717\/revisions\/213719"}],"wp:featuredmedia":[{"embeddable":true,"href":"https:\/\/diarioregionaldigital.com.br\/index.php?rest_route=\/wp\/v2\/media\/213718"}],"wp:attachment":[{"href":"https:\/\/diarioregionaldigital.com.br\/index.php?rest_route=%2Fwp%2Fv2%2Fmedia&parent=213717"}],"wp:term":[{"taxonomy":"category","embeddable":true,"href":"https:\/\/diarioregionaldigital.com.br\/index.php?rest_route=%2Fwp%2Fv2%2Fcategories&post=213717"},{"taxonomy":"post_tag","embeddable":true,"href":"https:\/\/diarioregionaldigital.com.br\/index.php?rest_route=%2Fwp%2Fv2%2Ftags&post=213717"}],"curies":[{"name":"wp","href":"https:\/\/api.w.org\/{rel}","templated":true}]}}