{"id":213710,"date":"2023-05-12T11:53:21","date_gmt":"2023-05-12T14:53:21","guid":{"rendered":"https:\/\/diarioregionaldigital.com.br\/?p=213710"},"modified":"2023-05-12T11:53:21","modified_gmt":"2023-05-12T14:53:21","slug":"moraes-manda-soltar-torres-e-determina-uso-de-tornozeleira-eletronica","status":"publish","type":"post","link":"https:\/\/diarioregionaldigital.com.br\/?p=213710","title":{"rendered":"Moraes manda soltar Torres e determina uso de tornozeleira eletr\u00f4nica"},"content":{"rendered":"<p>O ministro Alexandre de Moraes, do Supremo Tribunal Federal (STF), mandou soltar o ex-ministro da Justi\u00e7a Anderson Torres. Pela decis\u00e3o, em troca de pris\u00e3o preventiva, Torres dever\u00e1 usar tornozeleira eletr\u00f4nica.<\/p>\n<p>Moraes\u00a0tamb\u00e9m determinou que o ex-ministro dever\u00e1 cumprir recolhimento domiciliar no per\u00edodo noturno e aos finais de semana.\u00a0No despacho, o magistrado tamb\u00e9m determinou que Torres est\u00e1 proibido de usar as redes sociais, al\u00e9m de ter cancelado seu porte de armas e\u00a0proibido a sua comunica\u00e7\u00e3o com os demais investigados.<\/p>\n<p>Torres est\u00e1 preso desde 14 de janeiro em fun\u00e7\u00e3o das investiga\u00e7\u00f5es sobre os atos golpistas de 8 de janeiro. Na ocasi\u00e3o, ele estava \u00e0 frente da Secretaria de Seguran\u00e7a do Distrito Federal. O inqu\u00e9rito no STF apura suposta omiss\u00e3o na conten\u00e7\u00e3o dos atos.<\/p>\n<p>O pedido de soltura foi feito pelos advogados de Anderson Torres. Para os advogados, ele pode deixar a pris\u00e3o por n\u00e3o oferecer riscos \u00e0 apura\u00e7\u00e3o do inqu\u00e9rito sobre os atos de 8 de janeiro.\u00a0No pedido de soltura, a defesa tamb\u00e9m citou a situa\u00e7\u00e3o da fam\u00edlia de Anderson Torres.<\/p>\n<p>\u201cAp\u00f3s a decreta\u00e7\u00e3o da cust\u00f3dia cautelar do requerente, suas filhas, infelizmente, passaram a receber acompanhamento psicol\u00f3gico, com preju\u00edzo de frequentarem regularmente a escola. Acres\u00e7a-se a isso o fato de a genitora do requerente estar tratando um c\u00e2ncer. O postulante, de seu turno, ao passo que n\u00e3o v\u00ea as filhas desde a sua pris\u00e3o preventiva, entrou em um estado de tristeza profunda, chora constantemente, mal se alimenta e j\u00e1 perdeu 12 quilos\u201d, afirmaram os advogados.<\/p>\n<p><span style=\"font-weight: 400;\">\u00a0<\/span><span style=\"font-weight: 400;\"><br \/>\n<\/span><span style=\"font-weight: 400;\">Fonte: Ag\u00eancia Brasil <\/span><\/p>\n","protected":false},"excerpt":{"rendered":"<p>O ministro Alexandre de Moraes, do Supremo Tribunal Federal (STF), mandou soltar o ex-ministro da Justi\u00e7a Anderson Torres. Pela decis\u00e3o, em troca de pris\u00e3o preventiva, Torres dever\u00e1 usar tornozeleira eletr\u00f4nica. Moraes\u00a0tamb\u00e9m determinou que o ex-ministro dever\u00e1 cumprir recolhimento domiciliar no per\u00edodo noturno e aos finais de semana.\u00a0No despacho, o magistrado tamb\u00e9m determinou que Torres est\u00e1 [&hellip;]<\/p>\n","protected":false},"author":246,"featured_media":213711,"comment_status":"closed","ping_status":"closed","sticky":false,"template":"","format":"standard","meta":{"footnotes":""},"categories":[436,254,439],"tags":[],"class_list":["post-213710","post","type-post","status-publish","format-standard","has-post-thumbnail","hentry","category-destaque-da-semana","category-politica","category-ultima-hora"],"_links":{"self":[{"href":"https:\/\/diarioregionaldigital.com.br\/index.php?rest_route=\/wp\/v2\/posts\/213710","targetHints":{"allow":["GET"]}}],"collection":[{"href":"https:\/\/diarioregionaldigital.com.br\/index.php?rest_route=\/wp\/v2\/posts"}],"about":[{"href":"https:\/\/diarioregionaldigital.com.br\/index.php?rest_route=\/wp\/v2\/types\/post"}],"author":[{"embeddable":true,"href":"https:\/\/diarioregionaldigital.com.br\/index.php?rest_route=\/wp\/v2\/users\/246"}],"replies":[{"embeddable":true,"href":"https:\/\/diarioregionaldigital.com.br\/index.php?rest_route=%2Fwp%2Fv2%2Fcomments&post=213710"}],"version-history":[{"count":2,"href":"https:\/\/diarioregionaldigital.com.br\/index.php?rest_route=\/wp\/v2\/posts\/213710\/revisions"}],"predecessor-version":[{"id":213713,"href":"https:\/\/diarioregionaldigital.com.br\/index.php?rest_route=\/wp\/v2\/posts\/213710\/revisions\/213713"}],"wp:featuredmedia":[{"embeddable":true,"href":"https:\/\/diarioregionaldigital.com.br\/index.php?rest_route=\/wp\/v2\/media\/213711"}],"wp:attachment":[{"href":"https:\/\/diarioregionaldigital.com.br\/index.php?rest_route=%2Fwp%2Fv2%2Fmedia&parent=213710"}],"wp:term":[{"taxonomy":"category","embeddable":true,"href":"https:\/\/diarioregionaldigital.com.br\/index.php?rest_route=%2Fwp%2Fv2%2Fcategories&post=213710"},{"taxonomy":"post_tag","embeddable":true,"href":"https:\/\/diarioregionaldigital.com.br\/index.php?rest_route=%2Fwp%2Fv2%2Ftags&post=213710"}],"curies":[{"name":"wp","href":"https:\/\/api.w.org\/{rel}","templated":true}]}}