{"id":213704,"date":"2023-05-12T11:50:02","date_gmt":"2023-05-12T14:50:02","guid":{"rendered":"https:\/\/diarioregionaldigital.com.br\/?p=213704"},"modified":"2023-05-12T11:50:02","modified_gmt":"2023-05-12T14:50:02","slug":"pgr-pede-inquerito-contra-dirigentes-do-google-e-do-telegram","status":"publish","type":"post","link":"https:\/\/diarioregionaldigital.com.br\/?p=213704","title":{"rendered":"PGR pede inqu\u00e9rito contra dirigentes do Google e do Telegram"},"content":{"rendered":"<p>A Procuradoria-Geral da Rep\u00fablica (PGR) pediu nesta quinta-feira\u00a0(10) ao Supremo Tribunal Federal (STF) a abertura de inqu\u00e9rito para apurar a conduta de dirigentes do Google e do Telegram em rela\u00e7\u00e3o ao projeto de lei (PL) para combater a desinforma\u00e7\u00e3o nas redes sociais.<\/p>\n<p>A medida foi tomada ap\u00f3s o presidente da C\u00e2mara dos Deputados, Arthur Lira (PP-AL), acionar a procuradoria e solicitar a investiga\u00e7\u00e3o. Para Lira, as redes sociais t\u00eam feito &#8220;contundente a abusiva&#8221; a\u00e7\u00e3o contra o projeto, que est\u00e1 em tramita\u00e7\u00e3o na Casa.<\/p>\n<p>Segundo o presidente, as empresas que operam as redes sociais utilizam &#8220;campanha de desinforma\u00e7\u00e3o&#8221; e provocam a sobrecarga nos sistemas de tecnologia da informa\u00e7\u00e3o da C\u00e2mara ao fomentar que os usu\u00e1rios pressionem os deputados por meio de\u00a0<em>link\u00a0<\/em>que remete ao portal da Casa na internet.<\/p>\n<p>Ontem (10), o ministro Alexandre de Moraes mandou o Telegram apagar uma mensagem enviada aos usu\u00e1rios da plataforma contra \u00e0 aprova\u00e7\u00e3o do projeto de lei.<\/p>\n<p>Na mensagem em massa disparada na ter\u00e7a-feira, o Telegram Brasil alega que o projeto de lei representa &#8220;um ataque \u00e0 democracia&#8221;. Segundo a plataforma, o PL \u201cconcede poderes de censura\u201d ao governo federal e cria um sistema de vigil\u00e2ncia permanente que \u201cmatar\u00e1 a Internet moderna\u201d, se o projeto for aprovado pelo Congresso Nacional.<\/p>\n<p>A\u00a0<strong>Ag\u00eancia Brasil<\/strong>\u00a0entrou em contato com o Google aguarda retorno. A assessoria do Telegram n\u00e3o foi encontrada.<\/p>\n<p><span style=\"font-weight: 400;\">Fonte: Ag\u00eancia Brasil <\/span><\/p>\n","protected":false},"excerpt":{"rendered":"<p>A Procuradoria-Geral da Rep\u00fablica (PGR) pediu nesta quinta-feira\u00a0(10) ao Supremo Tribunal Federal (STF) a abertura de inqu\u00e9rito para apurar a conduta de dirigentes do Google e do Telegram em rela\u00e7\u00e3o ao projeto de lei (PL) para combater a desinforma\u00e7\u00e3o nas redes sociais. A medida foi tomada ap\u00f3s o presidente da C\u00e2mara dos Deputados, Arthur Lira [&hellip;]<\/p>\n","protected":false},"author":246,"featured_media":213705,"comment_status":"closed","ping_status":"closed","sticky":false,"template":"","format":"standard","meta":{"footnotes":""},"categories":[436,254,439],"tags":[],"class_list":["post-213704","post","type-post","status-publish","format-standard","has-post-thumbnail","hentry","category-destaque-da-semana","category-politica","category-ultima-hora"],"_links":{"self":[{"href":"https:\/\/diarioregionaldigital.com.br\/index.php?rest_route=\/wp\/v2\/posts\/213704","targetHints":{"allow":["GET"]}}],"collection":[{"href":"https:\/\/diarioregionaldigital.com.br\/index.php?rest_route=\/wp\/v2\/posts"}],"about":[{"href":"https:\/\/diarioregionaldigital.com.br\/index.php?rest_route=\/wp\/v2\/types\/post"}],"author":[{"embeddable":true,"href":"https:\/\/diarioregionaldigital.com.br\/index.php?rest_route=\/wp\/v2\/users\/246"}],"replies":[{"embeddable":true,"href":"https:\/\/diarioregionaldigital.com.br\/index.php?rest_route=%2Fwp%2Fv2%2Fcomments&post=213704"}],"version-history":[{"count":1,"href":"https:\/\/diarioregionaldigital.com.br\/index.php?rest_route=\/wp\/v2\/posts\/213704\/revisions"}],"predecessor-version":[{"id":213706,"href":"https:\/\/diarioregionaldigital.com.br\/index.php?rest_route=\/wp\/v2\/posts\/213704\/revisions\/213706"}],"wp:featuredmedia":[{"embeddable":true,"href":"https:\/\/diarioregionaldigital.com.br\/index.php?rest_route=\/wp\/v2\/media\/213705"}],"wp:attachment":[{"href":"https:\/\/diarioregionaldigital.com.br\/index.php?rest_route=%2Fwp%2Fv2%2Fmedia&parent=213704"}],"wp:term":[{"taxonomy":"category","embeddable":true,"href":"https:\/\/diarioregionaldigital.com.br\/index.php?rest_route=%2Fwp%2Fv2%2Fcategories&post=213704"},{"taxonomy":"post_tag","embeddable":true,"href":"https:\/\/diarioregionaldigital.com.br\/index.php?rest_route=%2Fwp%2Fv2%2Ftags&post=213704"}],"curies":[{"name":"wp","href":"https:\/\/api.w.org\/{rel}","templated":true}]}}