{"id":213698,"date":"2023-05-12T11:43:47","date_gmt":"2023-05-12T14:43:47","guid":{"rendered":"https:\/\/diarioregionaldigital.com.br\/?p=213698"},"modified":"2023-05-12T11:43:47","modified_gmt":"2023-05-12T14:43:47","slug":"opep-producao-de-petroleo-cai-no-brasil-projecao-e-de-crescimento","status":"publish","type":"post","link":"https:\/\/diarioregionaldigital.com.br\/?p=213698","title":{"rendered":"Opep: produ\u00e7\u00e3o de petr\u00f3leo cai no Brasil; proje\u00e7\u00e3o \u00e9 de crescimento"},"content":{"rendered":"<p>A\u00a0produ\u00e7\u00e3o de\u00a0petr\u00f3leo\u00a0do Brasil registrou queda\u00a0de\u00a0147 mil barris\u00a0de petr\u00f3leo\u00a0por dia (bpd) em mar\u00e7o deste ano em rela\u00e7\u00e3o a\u00a0fevereiro, para uma m\u00e9dia de 3,1 milh\u00f5es de bpd, segundo\u00a0a Organiza\u00e7\u00e3o dos Pa\u00edses Exportadores de Petr\u00f3leo (Opep).<\/p>\n<p>No relat\u00f3rio mensal publicado nesta quinta-feira (11), a Opep aponta\u00a0expectativa de crescimento da produ\u00e7\u00e3o brasileira, com aumento\u00a0em alguns campos. Por\u00e9m, ressalta\u00a0que a explora\u00e7\u00e3o\u00a0em plataformas<em>\u00a0offshore<\/em>\u00a0(estrutura para perfura\u00e7\u00e3o em alto-mar)\u00a0deve causar\u00a0algumas interrup\u00e7\u00f5es.<\/p>\n<p>O documento cita o Brasil como um dos principais impulsionadores\u00a0da oferta de combust\u00edveis l\u00edquidos em 2022, ao lado dos\u00a0Estados Unidos, da R\u00fassia, do Canad\u00e1, da Guiana e da China. As\u00a0maiores quedas na produ\u00e7\u00e3o foram registradas\u00a0na Noruega e na Tail\u00e2ndia.<\/p>\n<p>Em rela\u00e7\u00e3o a este ano, a\u00a0Opep avalia\u00a0o investimento de\u00a0capital para explora\u00e7\u00e3o de petr\u00f3leo e g\u00e1s brasileiros deve ter alta\u00a0de 15% na compara\u00e7\u00e3o com 2022.<\/p>\n<h2>PIB<\/h2>\n<p>No relat\u00f3rio, a\u00a0Opep mant\u00e9m crescimento\u00a0de 2,6% do Produto Interno Bruto\u00a0(PIB)\u00a0global em 2023, assim como as estimativas para os\u00a0Estados Unidos, em 1,2%;\u00a0e zona do euro, em 0,8%.\u00a0Com rela\u00e7\u00e3o \u00e0\u00a0China, a proje\u00e7\u00e3o\u00a0\u00e9 maior, de 5,2% em 2023.<\/p>\n<p>De acordo com o documento, a economia do Brasil deve crescer 1% em 2023, com recuo depois\u00a0do avan\u00e7o de\u00a02,9% no ano anterior. &#8220;Os juros e a infla\u00e7\u00e3o elevados devem provocar desacelera\u00e7\u00e3o do crescimento, com espa\u00e7o fiscal limitado para investimentos internos no Brasil\u201d, avalia a Opep.<\/p>\n<p><span style=\"font-weight: 400;\">Fonte: Ag\u00eancia Brasil <\/span><\/p>\n","protected":false},"excerpt":{"rendered":"<p>A\u00a0produ\u00e7\u00e3o de\u00a0petr\u00f3leo\u00a0do Brasil registrou queda\u00a0de\u00a0147 mil barris\u00a0de petr\u00f3leo\u00a0por dia (bpd) em mar\u00e7o deste ano em rela\u00e7\u00e3o a\u00a0fevereiro, para uma m\u00e9dia de 3,1 milh\u00f5es de bpd, segundo\u00a0a Organiza\u00e7\u00e3o dos Pa\u00edses Exportadores de Petr\u00f3leo (Opep). No relat\u00f3rio mensal publicado nesta quinta-feira (11), a Opep aponta\u00a0expectativa de crescimento da produ\u00e7\u00e3o brasileira, com aumento\u00a0em alguns campos. Por\u00e9m, ressalta\u00a0que a [&hellip;]<\/p>\n","protected":false},"author":246,"featured_media":213699,"comment_status":"closed","ping_status":"closed","sticky":false,"template":"","format":"standard","meta":{"footnotes":""},"categories":[436,261,439],"tags":[],"class_list":["post-213698","post","type-post","status-publish","format-standard","has-post-thumbnail","hentry","category-destaque-da-semana","category-economia","category-ultima-hora"],"_links":{"self":[{"href":"https:\/\/diarioregionaldigital.com.br\/index.php?rest_route=\/wp\/v2\/posts\/213698","targetHints":{"allow":["GET"]}}],"collection":[{"href":"https:\/\/diarioregionaldigital.com.br\/index.php?rest_route=\/wp\/v2\/posts"}],"about":[{"href":"https:\/\/diarioregionaldigital.com.br\/index.php?rest_route=\/wp\/v2\/types\/post"}],"author":[{"embeddable":true,"href":"https:\/\/diarioregionaldigital.com.br\/index.php?rest_route=\/wp\/v2\/users\/246"}],"replies":[{"embeddable":true,"href":"https:\/\/diarioregionaldigital.com.br\/index.php?rest_route=%2Fwp%2Fv2%2Fcomments&post=213698"}],"version-history":[{"count":1,"href":"https:\/\/diarioregionaldigital.com.br\/index.php?rest_route=\/wp\/v2\/posts\/213698\/revisions"}],"predecessor-version":[{"id":213700,"href":"https:\/\/diarioregionaldigital.com.br\/index.php?rest_route=\/wp\/v2\/posts\/213698\/revisions\/213700"}],"wp:featuredmedia":[{"embeddable":true,"href":"https:\/\/diarioregionaldigital.com.br\/index.php?rest_route=\/wp\/v2\/media\/213699"}],"wp:attachment":[{"href":"https:\/\/diarioregionaldigital.com.br\/index.php?rest_route=%2Fwp%2Fv2%2Fmedia&parent=213698"}],"wp:term":[{"taxonomy":"category","embeddable":true,"href":"https:\/\/diarioregionaldigital.com.br\/index.php?rest_route=%2Fwp%2Fv2%2Fcategories&post=213698"},{"taxonomy":"post_tag","embeddable":true,"href":"https:\/\/diarioregionaldigital.com.br\/index.php?rest_route=%2Fwp%2Fv2%2Ftags&post=213698"}],"curies":[{"name":"wp","href":"https:\/\/api.w.org\/{rel}","templated":true}]}}