{"id":213669,"date":"2023-05-11T16:56:11","date_gmt":"2023-05-11T19:56:11","guid":{"rendered":"https:\/\/diarioregionaldigital.com.br\/?p=213669"},"modified":"2023-05-11T16:56:11","modified_gmt":"2023-05-11T19:56:11","slug":"procon-aqui-chega-ao-bairro-jardim-do-sol-na-proxima-terca-16","status":"publish","type":"post","link":"https:\/\/diarioregionaldigital.com.br\/?p=213669","title":{"rendered":"\u201cProcon Aqui\u201d chega ao bairro Jardim do Sol na pr\u00f3xima ter\u00e7a, 16"},"content":{"rendered":"<p>Segundo informa\u00e7\u00f5es do site da Prefeitura de Juiz de Fora (PJF), o projeto \u201cProcon Aqui\u201d acontecer\u00e1 na Pra\u00e7a do Jardim do Sol, no bairro Jardim do Sol, na pr\u00f3xima ter\u00e7a-feira, 16. A iniciativa \u00e9 desenvolvida pela Secretaria de Governo (SG) da Prefeitura de Juiz de Fora (PJF) e busca facilitar o atendimento especializado sobre direitos do consumidor. Al\u00e9m disso, o evento contar\u00e1 com representantes do Gabinete de A\u00e7\u00e3o e Di\u00e1logo Comunit\u00e1rio (GADC) para receber pedidos relacionados a a\u00e7\u00f5es de zeladoria no munic\u00edpio.<\/p>\n<div id=\"box_texto_noticia\">\n<p>O projeto \u201cProcon Aqui\u201d acontece duas vezes por semana, \u00e0s ter\u00e7as e quinta-feiras. Na ter\u00e7a funciona de 12h \u00e0s 17h30, sendo cada semana em um bairro diferente. J\u00e1 quinta-feira acontece sempre na Pra\u00e7a Doutor Jo\u00e3o Penido, a Pra\u00e7a da Esta\u00e7\u00e3o, no Centro, de 9h \u00e0s 17h. A iniciativa foi desenvolvida para aproximar o cidad\u00e3o de seus direitos, conforme prev\u00ea o C\u00f3digo de Defesa do Consumidor (CDC).<\/p>\n<p>Entre as vantagens do projeto est\u00e3o a melhora na log\u00edstica do deslocamento do consumidor; a diminui\u00e7\u00e3o do fluxo de atendimento no Procon Centro; a racionaliza\u00e7\u00e3o de verba p\u00fablica municipal; a expans\u00e3o das atividades do Procon; o alcance de um novo p\u00fablico-alvo; a desburocratiza\u00e7\u00e3o do atendimento e dos processos; a diminui\u00e7\u00e3o do tempo de espera na fila virtual para atendimento e um maior acesso aos direitos pelos consumidores.<\/p>\n<p><strong>Gabinete de A\u00e7\u00e3o e Di\u00e1logo Comunit\u00e1rio<\/strong><\/p>\n<p>O Gabinete de A\u00e7\u00e3o e Di\u00e1logo Comunit\u00e1rio, setor da SG respons\u00e1vel por receber os pedidos de zeladoria e coordenar o trabalho integrado com outras pastas, estar\u00e1 presente em todas as a\u00e7\u00f5es do projeto \u201cProcon Aqui\u201d. A popula\u00e7\u00e3o poder\u00e1 tirar d\u00favidas e realizar solicita\u00e7\u00f5es.<\/p>\n<p><strong>Confira a programa\u00e7\u00e3o do \u201cProcon Aqui\u201d no m\u00eas de maio<\/strong><br \/>\n<strong>16\/05 (ter\u00e7a-feira):<\/strong><\/p>\n<p>&#8211; Pra\u00e7a do Jardim do Sol<\/p>\n<p><strong>18\/05 (quinta-feira):<\/strong><\/p>\n<p>&#8211; Pra\u00e7a da Esta\u00e7\u00e3o &#8211; Centro<\/p>\n<p><strong>20\/05 (s\u00e1bado):<\/strong><\/p>\n<p>&#8211; Pra\u00e7a do Jardim Gl\u00f3ria<\/p>\n<p><strong>23\/05 (ter\u00e7a-feira):<\/strong><\/p>\n<p>&#8211; Pra\u00e7a do J\u00f3quei Clube<\/p>\n<p><strong>25\/05 (quinta-feira):<\/strong><\/p>\n<p>&#8211; Pra\u00e7a da Esta\u00e7\u00e3o &#8211; Centro<\/p>\n<p><strong>30\/05 (ter\u00e7a-feira):<\/strong><\/p>\n<p>&#8211; Pra\u00e7a de Grama<\/p>\n<p>Para d\u00favidas, entre em contato com os seguintes canais: (32) 3690-7610 e 3690-7611.<\/p>\n<p>&nbsp;<\/p>\n<\/div>\n<p>&nbsp;<\/p>\n<div id=\"box_compartilhar\" align=\"right\"><\/div>\n","protected":false},"excerpt":{"rendered":"<p>Segundo informa\u00e7\u00f5es do site da Prefeitura de Juiz de Fora (PJF), o projeto \u201cProcon Aqui\u201d acontecer\u00e1 na Pra\u00e7a do Jardim do Sol, no bairro Jardim do Sol, na pr\u00f3xima ter\u00e7a-feira, 16. A iniciativa \u00e9 desenvolvida pela Secretaria de Governo (SG) da Prefeitura de Juiz de Fora (PJF) e busca facilitar o atendimento especializado sobre direitos [&hellip;]<\/p>\n","protected":false},"author":246,"featured_media":213670,"comment_status":"closed","ping_status":"closed","sticky":false,"template":"","format":"standard","meta":{"footnotes":""},"categories":[253,436,440,439],"tags":[],"class_list":["post-213669","post","type-post","status-publish","format-standard","has-post-thumbnail","hentry","category-cidade","category-destaque-da-semana","category-destaques-do-dia","category-ultima-hora"],"_links":{"self":[{"href":"https:\/\/diarioregionaldigital.com.br\/index.php?rest_route=\/wp\/v2\/posts\/213669","targetHints":{"allow":["GET"]}}],"collection":[{"href":"https:\/\/diarioregionaldigital.com.br\/index.php?rest_route=\/wp\/v2\/posts"}],"about":[{"href":"https:\/\/diarioregionaldigital.com.br\/index.php?rest_route=\/wp\/v2\/types\/post"}],"author":[{"embeddable":true,"href":"https:\/\/diarioregionaldigital.com.br\/index.php?rest_route=\/wp\/v2\/users\/246"}],"replies":[{"embeddable":true,"href":"https:\/\/diarioregionaldigital.com.br\/index.php?rest_route=%2Fwp%2Fv2%2Fcomments&post=213669"}],"version-history":[{"count":1,"href":"https:\/\/diarioregionaldigital.com.br\/index.php?rest_route=\/wp\/v2\/posts\/213669\/revisions"}],"predecessor-version":[{"id":213671,"href":"https:\/\/diarioregionaldigital.com.br\/index.php?rest_route=\/wp\/v2\/posts\/213669\/revisions\/213671"}],"wp:featuredmedia":[{"embeddable":true,"href":"https:\/\/diarioregionaldigital.com.br\/index.php?rest_route=\/wp\/v2\/media\/213670"}],"wp:attachment":[{"href":"https:\/\/diarioregionaldigital.com.br\/index.php?rest_route=%2Fwp%2Fv2%2Fmedia&parent=213669"}],"wp:term":[{"taxonomy":"category","embeddable":true,"href":"https:\/\/diarioregionaldigital.com.br\/index.php?rest_route=%2Fwp%2Fv2%2Fcategories&post=213669"},{"taxonomy":"post_tag","embeddable":true,"href":"https:\/\/diarioregionaldigital.com.br\/index.php?rest_route=%2Fwp%2Fv2%2Ftags&post=213669"}],"curies":[{"name":"wp","href":"https:\/\/api.w.org\/{rel}","templated":true}]}}