{"id":213666,"date":"2023-05-11T16:49:53","date_gmt":"2023-05-11T19:49:53","guid":{"rendered":"https:\/\/diarioregionaldigital.com.br\/?p=213666"},"modified":"2023-05-11T16:49:53","modified_gmt":"2023-05-11T19:49:53","slug":"circuito-loterias-caixa-de-tiro-esportivo-reune-atletas-as-vesperas-de-busca-por-vaga-em-paris-2024","status":"publish","type":"post","link":"https:\/\/diarioregionaldigital.com.br\/?p=213666","title":{"rendered":"Circuito Loterias Caixa de tiro esportivo re\u00fane atletas \u00e0s v\u00e9speras de busca por vaga em Paris 2024"},"content":{"rendered":"<p>A 2\u00aa Fase Nacional do Circuito Loterias Caixa de tiro esportivo acontecer\u00e1 neste final de semana, 13 e 14 de maio, em dois locais do Rio de Janeiro. Foram inscritos 53 atletas de oito estados na competi\u00e7\u00e3o, que \u00e9 organizada pelo Comit\u00ea Paral\u00edmpico Brasileiro (CPB). As provas de carabina e pistola ser\u00e3o realizadas na Escola Naval, centro da capital fluminense, e a de tiro ao prato (trap) no Centro Militar, zona oeste da cidade.<\/p>\n<p>O evento servir\u00e1 para os atletas da Sele\u00e7\u00e3o Brasileira realizarem seus \u00faltimos ajustes antes da etapa da\u00a0<u><\/u><a href=\"https:\/\/www.cpb.org.br\/noticia\/detalhe\/5162\/cpb-convoca-atletas-para-copa-do-mundo-de-tiro-esportivo-na-coreia-do-sul\"><u><strong>Copa do Mundo de Changwon, Coreia do Sul<\/strong><\/u><\/a>, de 22 a 31 de maio. A competi\u00e7\u00e3o na \u00c1sia vale vaga direta para os\u00a0<u><\/u><a href=\"https:\/\/www.cpb.org.br\/noticia\/detalhe\/5077\/500-dias-para-os-jogos-paralimpicos-de-paris-2024-veja-quem-ja-tem-vaga-e-as-proximas-competicoes-do-ciclo\"><u><strong>Jogos Paral\u00edmpicos de Paris 2024<\/strong><\/u><\/a>\u00a0e tamb\u00e9m oferecer\u00e1 a \u00faltima oportunidade de os atiradores atingirem o \u00edndice m\u00ednimo (MQS) para participar do Mundial de Lima (PER), em setembro, e dos Jogos Parapan-Americanos de Santiago (CHI), em novembro.<\/p>\n<p>\u201cVenho muito preparado para este campeonato, com o objetivo de repetir minha melhor marca e confirmar minha recente evolu\u00e7\u00e3o\u201d, afirmou o capixaba Bruno Kiefer, que conquistou uma medalha de bronze por equipes, ao lado de Alexandre Galgani e J\u00e9ssica Michalack, e chegou a uma final durante o\u00a0<u><\/u><a href=\"https:\/\/www.cpb.org.br\/noticia\/detalhe\/5148\/brasil-encerra-competicao-de-tiro-esportivo-paralimpico-com-cinco-medalhas-na-alemanha\"><u><strong>Internacional de Hannover<\/strong><\/u><\/a>, na Alemanha, no in\u00edcio de maio.<\/p>\n<p>Na competi\u00e7\u00e3o, ele tamb\u00e9m atingiu sua melhor marca na prova R5 Carabina de Ar &#8211; 10 m &#8211; Posi\u00e7\u00e3o Deitado Misto SH2, com 638,7 pontos. O resultado o coloca na sexta posi\u00e7\u00e3o do ranking mundial da prova em 2023.<\/p>\n<p>Al\u00e9m dessa disputa,, Bruno tamb\u00e9m ir\u00e1 competir na R4 \u00a0durante o Circuito Loterias Caixa.<\/p>\n<p>Em mar\u00e7o, a Sele\u00e7\u00e3o Brasileira come\u00e7ou a ser treinada pelo\u00a0<u><\/u><a href=\"https:\/\/www.cpb.org.br\/noticia\/detalhe\/4998\/atletas-colocam-em-pratica-estrategias-de-tecnico-alemao-no-circuito-loterias-caixa-de-tiro-esportivo\"><u>t\u00e9cnico alem\u00e3o Uwe Knapp<\/u><\/a>, que j\u00e1 esteve \u00e0 frente das equipes principais paral\u00edmpica da Alemanha e ol\u00edmpica da Noruega. Bruno afirmou que seu desempenho j\u00e1 vem evoluindo com as novas orienta\u00e7\u00f5es recebidas. \u201cS\u00e3o muitos detalhes que s\u00f3 ele consegue ver e dar um feedback. Estou melhorando a posi\u00e7\u00e3o no gatilho e o tempo entre disparos, por exemplo\u201d.<\/p>\n<p>Ap\u00f3s o Circuito, o objetivo de Bruno ser\u00e1 chegar ao menos \u00e0s finais da Copa do Mundo coreana para avan\u00e7ar no ranking da modalidade. \u201cO Tiro esportivo exige muita concentra\u00e7\u00e3o, calma, n\u00e3o pensar nem no futuro, nem no passado\u201d, disse.<\/p>\n<p>Al\u00e9m de Bruno, os outros cinco atletas da sele\u00e7\u00e3o que estiveram na Alemanha tamb\u00e9m disputar\u00e3o o Circuito Loterias Caixa de tiro esportivo neste final de semana: o paulista Alexandre Galgani (\u00fanico atirador do pa\u00eds a participar dos Jogos Paral\u00edmpicos de T\u00f3quio 2020), a catarinense J\u00e9ssica Michalack, a fluminense D\u00e9bora Campos, o paranaense S\u00e9rgio Vida e o ga\u00facho Geraldo Rosenthal. Somando todas as conquistas da equipe em Hannover, foram cinco medalhas: um ouro, uma prata e tr\u00eas bronzes.<\/p>\n<p>\u201cO Circuito permitir\u00e1 acompanhar de perto a evolu\u00e7\u00e3o de nossos atletas da Sele\u00e7\u00e3o, que voltaram com muitas medalhas da Europa, e tamb\u00e9m identificar novos atletas que podem se destacar\u201d, disse James Walter, coordenador de Tiro Esportivo do CPB.<\/p>\n<p>A Primeira Fase Nacional do Circuito Loterias Caixa aconteceu em mar\u00e7o, tamb\u00e9m no Rio. O calend\u00e1rio nacional tamb\u00e9m prev\u00ea a realiza\u00e7\u00e3o da Copa Brasil, nos dias 15 e 16 de julho, e o Campeonato Brasileiro, nos dias 7 e 8 de outubro.<\/p>\n<p><strong>Imprensa<\/strong><br \/>\nOs profissionais de imprensa interessados em cobrir a competi\u00e7\u00e3o podem enviar um e-mail para\u00a0<strong>imp@cpb.org.br<\/strong>\u00a0com os seguintes dados: nome completo, RG ou CPF e o ve\u00edculo pelo qual ir\u00e1 cobrir o evento. Nos dias da competi\u00e7\u00e3o, dever\u00e3o se identificar na sala de imprensa do local.<\/p>\n<p><strong>Servi\u00e7o<br \/>\n2\u00aa Fase do Circuito Loterias Caixa de tiro esportivo<\/strong><\/p>\n<p><strong>Provas de carabina e pistola<br \/>\nLocal:\u00a0<\/strong>Escola Naval no Rio de Janeiro<br \/>\n<strong>Endere\u00e7o:<\/strong>\u00a0Av. Alm. Silvio de Noronha, s\/n &#8211; Centro, Rio de Janeiro.<br \/>\n<strong>Dias e hor\u00e1rios:<\/strong>\u00a0s\u00e1bado, 13, e domingo, 14, a partir das 9h.<\/p>\n<p><strong>Prova de trap<br \/>\nLocal:<\/strong>\u00a0Centro Militar de Tiro Esportivo de Deodoro<br \/>\n<strong>Endere\u00e7o:<\/strong>\u00a0Av. Brasil, 27195 &#8211; Vila Militar, Zona Oeste, Rio de Janeiro.<br \/>\nDia e hor\u00e1rio: s\u00e1bado, 13, a partir das 10h.<\/p>\n<p><span style=\"font-weight: 400;\">Fonte: CPB<\/span><\/p>\n","protected":false},"excerpt":{"rendered":"<p>A 2\u00aa Fase Nacional do Circuito Loterias Caixa de tiro esportivo acontecer\u00e1 neste final de semana, 13 e 14 de maio, em dois locais do Rio de Janeiro. Foram inscritos 53 atletas de oito estados na competi\u00e7\u00e3o, que \u00e9 organizada pelo Comit\u00ea Paral\u00edmpico Brasileiro (CPB). As provas de carabina e pistola ser\u00e3o realizadas na Escola [&hellip;]<\/p>\n","protected":false},"author":246,"featured_media":213667,"comment_status":"closed","ping_status":"closed","sticky":false,"template":"","format":"standard","meta":{"footnotes":""},"categories":[436,257,439],"tags":[],"class_list":["post-213666","post","type-post","status-publish","format-standard","has-post-thumbnail","hentry","category-destaque-da-semana","category-esporte","category-ultima-hora"],"_links":{"self":[{"href":"https:\/\/diarioregionaldigital.com.br\/index.php?rest_route=\/wp\/v2\/posts\/213666","targetHints":{"allow":["GET"]}}],"collection":[{"href":"https:\/\/diarioregionaldigital.com.br\/index.php?rest_route=\/wp\/v2\/posts"}],"about":[{"href":"https:\/\/diarioregionaldigital.com.br\/index.php?rest_route=\/wp\/v2\/types\/post"}],"author":[{"embeddable":true,"href":"https:\/\/diarioregionaldigital.com.br\/index.php?rest_route=\/wp\/v2\/users\/246"}],"replies":[{"embeddable":true,"href":"https:\/\/diarioregionaldigital.com.br\/index.php?rest_route=%2Fwp%2Fv2%2Fcomments&post=213666"}],"version-history":[{"count":1,"href":"https:\/\/diarioregionaldigital.com.br\/index.php?rest_route=\/wp\/v2\/posts\/213666\/revisions"}],"predecessor-version":[{"id":213668,"href":"https:\/\/diarioregionaldigital.com.br\/index.php?rest_route=\/wp\/v2\/posts\/213666\/revisions\/213668"}],"wp:featuredmedia":[{"embeddable":true,"href":"https:\/\/diarioregionaldigital.com.br\/index.php?rest_route=\/wp\/v2\/media\/213667"}],"wp:attachment":[{"href":"https:\/\/diarioregionaldigital.com.br\/index.php?rest_route=%2Fwp%2Fv2%2Fmedia&parent=213666"}],"wp:term":[{"taxonomy":"category","embeddable":true,"href":"https:\/\/diarioregionaldigital.com.br\/index.php?rest_route=%2Fwp%2Fv2%2Fcategories&post=213666"},{"taxonomy":"post_tag","embeddable":true,"href":"https:\/\/diarioregionaldigital.com.br\/index.php?rest_route=%2Fwp%2Fv2%2Ftags&post=213666"}],"curies":[{"name":"wp","href":"https:\/\/api.w.org\/{rel}","templated":true}]}}