{"id":213663,"date":"2023-05-11T16:45:16","date_gmt":"2023-05-11T19:45:16","guid":{"rendered":"https:\/\/diarioregionaldigital.com.br\/?p=213663"},"modified":"2023-05-11T16:45:16","modified_gmt":"2023-05-11T19:45:16","slug":"brasileiro-palmeiras-goleia-gremio-para-dormir-na-lideranca","status":"publish","type":"post","link":"https:\/\/diarioregionaldigital.com.br\/?p=213663","title":{"rendered":"Brasileiro: Palmeiras goleia Gr\u00eamio para dormir na lideran\u00e7a"},"content":{"rendered":"<p>O Palmeiras assumiu a lideran\u00e7a do Campeonato Brasileiro ap\u00f3s golear o Gr\u00eamio por 4 a 1, na noite desta quarta-feira (10) no Allianz Parque. Com este triunfo o Verd\u00e3o chegou aos 13 pontos, um a mais do que o Botafogo, que recebe o Corinthians na pr\u00f3xima quinta-feira (11) no est\u00e1dio Nilton Santos.<\/p>\n<p>A equipe comandada pelo t\u00e9cnico portugu\u00eas Abel Ferreira abriu o placar aos 23 minutos do primeiro tempo, quando Mayke levantou a bola na \u00e1rea, onde Raphael Veiga finalizou de cabe\u00e7a com muita categoria. Um pouco antes do intervalo o Gr\u00eamio ainda empatou com Bitello.<\/p>\n<p>Por\u00e9m, na etapa final o Palmeiras dominou as a\u00e7\u00f5es para marcar mais tr\u00eas vezes. Logo aos 10 Raphael Veiga desempatou o marcador em cobran\u00e7a de p\u00eanalti. Aos 22 foi a vez de o lateral Mayke deixar o dele. E aos 27 o zagueiro Luan deu n\u00fameros finais ao marcador de p\u00e9 direito ap\u00f3s Veiga levantar a bola na \u00e1rea.<\/p>\n<h2>Flamengo vence no Maracan\u00e3<\/h2>\n<p>Quem tamb\u00e9m triunfou na condi\u00e7\u00e3o de mandante foi o Flamengo, que, gra\u00e7as a gols de Pedro e Everton Ribeiro, bateu o Goi\u00e1s por 2 a 0 no est\u00e1dio do Maracan\u00e3. Com os tr\u00eas pontos o Rubro-Negro deixou o Z4 (zona do rebaixamento) do Campeonato Brasileiro, passando a ocupar a 12\u00aa posi\u00e7\u00e3o da classifica\u00e7\u00e3o com seis pontos conquistados.<\/p>\n<p>Este tamb\u00e9m foi o primeiro triunfo da equipe da G\u00e1vea sob a dire\u00e7\u00e3o do t\u00e9cnico argentino Jorge Sampaoli na atual edi\u00e7\u00e3o da competi\u00e7\u00e3o, ap\u00f3s derrotas para o Athletico-PR (2 a 1), para o Botafogo (3 a 2) e para o Internacional (2 a 1).<\/p>\n<p>O placar foi aberto no Maracan\u00e3 logo aos sete minutos de bola rolando, com o atacante Pedro em cobran\u00e7a de p\u00eanalti. O detalhe negativo \u00e9 que o centroavante sofreu uma les\u00e3o muscular na perna direita na hora da comemora\u00e7\u00e3o. O segundo gol veio na etapa complementar, quando Cebolinha cruzou para Everton Ribeiro marcar um gola\u00e7o de letra.<\/p>\n<h2>Tricolor bate Raposa<\/h2>\n<p>J\u00e1 o Fluminense foi ao est\u00e1dio do Mineir\u00e3o e mostrou coragem para bater o Cruzeiro por 2 a 0. Este resultado levou o Tricolor das Laranjeiras \u00e0 3\u00aa posi\u00e7\u00e3o da classifica\u00e7\u00e3o com 10 pontos. O detalhe \u00e9 que a equipe carioca terminou o confronto com dois jogadores a menos, ap\u00f3s a expuls\u00e3o de Andr\u00e9 e a les\u00e3o de Alexsander em um momento no qual a equipe de Fernando Diniz n\u00e3o podia mais fazer substitui\u00e7\u00f5es.<\/p>\n<p>Em um primeiro tempo muito disputado, o Fluminense s\u00f3 conseguiu abrir o marcador aos 43 minutos, quando Ganso acertou uma pancada ap\u00f3s a bola ficar viva dentro da \u00e1rea. Na etapa final o Tricolor conseguiu se impor e ampliou a vantagem logo aos oito minutos, com o argentino Germ\u00e1n Cano de cabe\u00e7a ap\u00f3s cruzamento de Guga.<\/p>\n<p>Aos 29 minutos o juiz marcou p\u00eanalti a favor do Cruzeiro. O volante Andr\u00e9 reclamou de forma excessiva com o juiz e acabou sendo expulso. Bruno Rodrigues foi para a cobran\u00e7a e viu o goleiro F\u00e1bio defender a primeira. Na segunda o camisa nove da Raposa bateu para fora. A partir da\u00ed a equipe de Fernando Diniz se desdobrou em campo para segurar a vit\u00f3ria, em especial ap\u00f3s Alexsander se machucar.<\/p>\n<h2>Outros resultados:<\/h2>\n<p>Santos 3 x 0 Bahia<br \/>\nBragantino 2 x 2 Am\u00e9rica-MG<br \/>\nInternacional 0 x 2 Athletico-PR<br \/>\nCuiab\u00e1 0 x 4 Atl\u00e9tico-MG<\/p>\n<p><span style=\"font-weight: 400;\">Fonte: Ag\u00eancia Brasil <\/span><\/p>\n","protected":false},"excerpt":{"rendered":"<p>O Palmeiras assumiu a lideran\u00e7a do Campeonato Brasileiro ap\u00f3s golear o Gr\u00eamio por 4 a 1, na noite desta quarta-feira (10) no Allianz Parque. Com este triunfo o Verd\u00e3o chegou aos 13 pontos, um a mais do que o Botafogo, que recebe o Corinthians na pr\u00f3xima quinta-feira (11) no est\u00e1dio Nilton Santos. A equipe comandada [&hellip;]<\/p>\n","protected":false},"author":246,"featured_media":213664,"comment_status":"closed","ping_status":"closed","sticky":false,"template":"","format":"standard","meta":{"footnotes":""},"categories":[436,257,439],"tags":[],"class_list":["post-213663","post","type-post","status-publish","format-standard","has-post-thumbnail","hentry","category-destaque-da-semana","category-esporte","category-ultima-hora"],"_links":{"self":[{"href":"https:\/\/diarioregionaldigital.com.br\/index.php?rest_route=\/wp\/v2\/posts\/213663","targetHints":{"allow":["GET"]}}],"collection":[{"href":"https:\/\/diarioregionaldigital.com.br\/index.php?rest_route=\/wp\/v2\/posts"}],"about":[{"href":"https:\/\/diarioregionaldigital.com.br\/index.php?rest_route=\/wp\/v2\/types\/post"}],"author":[{"embeddable":true,"href":"https:\/\/diarioregionaldigital.com.br\/index.php?rest_route=\/wp\/v2\/users\/246"}],"replies":[{"embeddable":true,"href":"https:\/\/diarioregionaldigital.com.br\/index.php?rest_route=%2Fwp%2Fv2%2Fcomments&post=213663"}],"version-history":[{"count":1,"href":"https:\/\/diarioregionaldigital.com.br\/index.php?rest_route=\/wp\/v2\/posts\/213663\/revisions"}],"predecessor-version":[{"id":213665,"href":"https:\/\/diarioregionaldigital.com.br\/index.php?rest_route=\/wp\/v2\/posts\/213663\/revisions\/213665"}],"wp:featuredmedia":[{"embeddable":true,"href":"https:\/\/diarioregionaldigital.com.br\/index.php?rest_route=\/wp\/v2\/media\/213664"}],"wp:attachment":[{"href":"https:\/\/diarioregionaldigital.com.br\/index.php?rest_route=%2Fwp%2Fv2%2Fmedia&parent=213663"}],"wp:term":[{"taxonomy":"category","embeddable":true,"href":"https:\/\/diarioregionaldigital.com.br\/index.php?rest_route=%2Fwp%2Fv2%2Fcategories&post=213663"},{"taxonomy":"post_tag","embeddable":true,"href":"https:\/\/diarioregionaldigital.com.br\/index.php?rest_route=%2Fwp%2Fv2%2Ftags&post=213663"}],"curies":[{"name":"wp","href":"https:\/\/api.w.org\/{rel}","templated":true}]}}