{"id":213527,"date":"2023-05-09T20:00:02","date_gmt":"2023-05-09T23:00:02","guid":{"rendered":"https:\/\/diarioregionaldigital.com.br\/?p=213527"},"modified":"2023-05-09T20:00:02","modified_gmt":"2023-05-09T23:00:02","slug":"mais-da-metade-dos-brasileiros-pretende-presentear-as-maes","status":"publish","type":"post","link":"https:\/\/diarioregionaldigital.com.br\/?p=213527","title":{"rendered":"Mais da metade dos brasileiros pretende presentear as m\u00e3es"},"content":{"rendered":"<p>Levantamento da Associa\u00e7\u00e3o Comercial de S\u00e3o Paulo (ACSP) mostra que 51,8% dos brasileiros pretendem comprar presentes para o Dia das M\u00e3es, celebrado no pr\u00f3ximo dia 13 de maio. No mesmo per\u00edodo de 2022, 50% dos consumidores admitiram que iam \u00e0s compras. O levantamento, com base em 1.663 entrevistados em \u00e2mbito nacional, mostra tamb\u00e9m que 30,2% n\u00e3o t\u00eam a inten\u00e7\u00e3o de fazer compras no per\u00edodo, enquanto outros 18% n\u00e3o sabem.<\/p>\n<p>Segundo os dados, do grupo de entrevistados que planejam presentear suas m\u00e3es, 41,2% pretendem gastar mais do que em 2022, com a grande maioria dos que pretendem gastar, 78,8%, dizendo que devem desembolsar entre R$ 50 e R$ 300. Enquanto 30% demonstram o contr\u00e1rio, \u00edndice menor do que em 2022.<\/p>\n<p>A maioria das compras deve ser feita em pequenos estabelecimentos e com\u00e9rcios (46,2%). J\u00e1 a maioria pretende adquirir produtos de forma presencial, em lojas f\u00edsicas (61%). A \u00e1rea de vestu\u00e1rio segue como um dos principais itens para presentear as m\u00e3es, com 57,7%, percentual menor do que o da pr\u00e9-pandemia (80%).<\/p>\n<p>A pesquisa tamb\u00e9m indica que os presentes da \u00e1rea de beleza, al\u00e9m de joias e bijuterias, continuam sendo lembrados para as m\u00e3es, e perfazem cerca de 61,5% das inten\u00e7\u00f5es de compras. Houve redu\u00e7\u00e3o nas \u00e1reas de m\u00f3veis e eletrodom\u00e9sticos, al\u00e9m dos digitais, que juntos alcan\u00e7am cerca de 36,2%, ante quase 73% registrados na pesquisa de 2022. Chocolates s\u00e3o mencionados por 15,7% das prefer\u00eancias.<\/p>\n<p>O levantamento indica ainda que h\u00e1 importante diminui\u00e7\u00e3o da disposi\u00e7\u00e3o a comprar de forma parcelada, em rela\u00e7\u00e3o \u00e0s inten\u00e7\u00e3o de 2022. Mas para a maioria dos itens continua observando-se a prefer\u00eancia pela utiliza\u00e7\u00e3o de dinheiro em esp\u00e9cie e cart\u00f5es de d\u00e9bito, se comparado \u00e0 modalidade PIX como forma de pagamento \u00e0 vista.<\/p>\n<p>&#8220;Essa importante mudan\u00e7a poderia estar associada ao retorno das atividades presenciais, reduzindo a pr\u00e1tica do home office e a perman\u00eancia no lar, e tamb\u00e9m poderia indicar a menor disposi\u00e7\u00e3o a comprar itens mais caros, dado o menor crescimento da renda e o encarecimento do cr\u00e9dito. A baixa inten\u00e7\u00e3o de aquisi\u00e7\u00e3o de viagens, por exemplo, tamb\u00e9m poderia estar associada \u00e0 piora das condi\u00e7\u00f5es financeiras enfrentada pelas fam\u00edlias. Essa diminui\u00e7\u00e3o da inten\u00e7\u00e3o de parcelamento das compras poderia estar associada aos maiores juros, menores prazos de financiamento e menor disponibilidade de cr\u00e9dito para o consumo\u201d, explica o economista da ACSP Ulisses Ruiz de Gamboa.<\/p>\n<p><span style=\"font-weight: 400;\">Fonte: Ag\u00eancia Brasil <\/span><\/p>\n","protected":false},"excerpt":{"rendered":"<p>Levantamento da Associa\u00e7\u00e3o Comercial de S\u00e3o Paulo (ACSP) mostra que 51,8% dos brasileiros pretendem comprar presentes para o Dia das M\u00e3es, celebrado no pr\u00f3ximo dia 13 de maio. No mesmo per\u00edodo de 2022, 50% dos consumidores admitiram que iam \u00e0s compras. O levantamento, com base em 1.663 entrevistados em \u00e2mbito nacional, mostra tamb\u00e9m que 30,2% [&hellip;]<\/p>\n","protected":false},"author":246,"featured_media":213528,"comment_status":"closed","ping_status":"closed","sticky":false,"template":"","format":"standard","meta":{"footnotes":""},"categories":[436,261,439],"tags":[],"class_list":["post-213527","post","type-post","status-publish","format-standard","has-post-thumbnail","hentry","category-destaque-da-semana","category-economia","category-ultima-hora"],"_links":{"self":[{"href":"https:\/\/diarioregionaldigital.com.br\/index.php?rest_route=\/wp\/v2\/posts\/213527","targetHints":{"allow":["GET"]}}],"collection":[{"href":"https:\/\/diarioregionaldigital.com.br\/index.php?rest_route=\/wp\/v2\/posts"}],"about":[{"href":"https:\/\/diarioregionaldigital.com.br\/index.php?rest_route=\/wp\/v2\/types\/post"}],"author":[{"embeddable":true,"href":"https:\/\/diarioregionaldigital.com.br\/index.php?rest_route=\/wp\/v2\/users\/246"}],"replies":[{"embeddable":true,"href":"https:\/\/diarioregionaldigital.com.br\/index.php?rest_route=%2Fwp%2Fv2%2Fcomments&post=213527"}],"version-history":[{"count":1,"href":"https:\/\/diarioregionaldigital.com.br\/index.php?rest_route=\/wp\/v2\/posts\/213527\/revisions"}],"predecessor-version":[{"id":213529,"href":"https:\/\/diarioregionaldigital.com.br\/index.php?rest_route=\/wp\/v2\/posts\/213527\/revisions\/213529"}],"wp:featuredmedia":[{"embeddable":true,"href":"https:\/\/diarioregionaldigital.com.br\/index.php?rest_route=\/wp\/v2\/media\/213528"}],"wp:attachment":[{"href":"https:\/\/diarioregionaldigital.com.br\/index.php?rest_route=%2Fwp%2Fv2%2Fmedia&parent=213527"}],"wp:term":[{"taxonomy":"category","embeddable":true,"href":"https:\/\/diarioregionaldigital.com.br\/index.php?rest_route=%2Fwp%2Fv2%2Fcategories&post=213527"},{"taxonomy":"post_tag","embeddable":true,"href":"https:\/\/diarioregionaldigital.com.br\/index.php?rest_route=%2Fwp%2Fv2%2Ftags&post=213527"}],"curies":[{"name":"wp","href":"https:\/\/api.w.org\/{rel}","templated":true}]}}