{"id":213510,"date":"2023-05-07T06:00:46","date_gmt":"2023-05-07T09:00:46","guid":{"rendered":"https:\/\/diarioregionaldigital.com.br\/?p=213510"},"modified":"2023-05-08T22:11:51","modified_gmt":"2023-05-09T01:11:51","slug":"academia-ganha-novo-filologo","status":"publish","type":"post","link":"https:\/\/diarioregionaldigital.com.br\/?p=213510","title":{"rendered":"Academia ganha novo fil\u00f3logo"},"content":{"rendered":"<p>Ao eleger, com 35 votos, o professor \u00a0Ricardo Cavaliere para o seu quadro de membros efetivos, a Academia Brasileira de Letras ganhou um novo fil\u00f3logo, para fazer companhia ao consagrado mestre que \u00e9\u00a0 Evanildo \u00a0Bechara, hoje presidente da sua Comiss\u00e3o de Lexicografia e Lexicologia. Ele chega \u00e0 Casa de Machado de Assis cheio de planos e ideias, como a realiza\u00e7\u00e3o do dicion\u00e1rio que sempre foi um sonho da institui\u00e7\u00e3o.<\/p>\n<p>Graduado em Letras(1975) e Direito (1996), Cavaliere obteve os t\u00edtulos de mestre (1990) e doutor (1997) em L\u00edngua Portuguesa pela UFRJ. \u00c9 professor aposentado pela Universidade Federal Fluminense e membro da Academia Brasileira de Filologia. Sua candidatura foi muito apoiada por Evanildo\u00a0 Bechara, hoje com 95 anos, que queria faz\u00ea-lo seu sucessor, numa entidade que quer editar \u00a0um dicion\u00e1rio e j\u00e1 tem produzidos o Vocabul\u00e1rio Ortogr\u00e1fico da L\u00edngua Portuguesa e o Vocabul\u00e1rio Onom\u00e1stico, que nasceu na minha gest\u00e3o como presidente da ABL e que precisa de uma revis\u00e3o.<\/p>\n<p>Nessa disputa, Cavaliere derrotou o quadrinista \u00a0Maur\u00edcio de Souza, o \u00a0famoso pai da Turma da M\u00f4nica. Era a substitui\u00e7\u00e3o da professora Cleonice Berardinelli, morta aos 106 anos de idade. Cavaliere \u00e9 um dos maiores especialistas em letras e lingu\u00edstica do pa\u00eds. Ganhou por larga margem de votos, prevalecendo nessa elei\u00e7\u00e3o a ideia que gibi\u00a0 n\u00e3o era literatura de verdade. Maur\u00edcio respondeu que quadrinhos s\u00e3o revolucion\u00e1rios porque ficam entre a literatura e as artes gr\u00e1ficas. Lembrou que Will Eisner, pai de \u201cSpirit\u201d, nos ensinou que a linguagem dos quadrinhos \u201c\u00e9 uma revolu\u00e7\u00e3o de ideias\u201d.<\/p>\n<p>A vit\u00f3ria de Cavaliere representa um grande feito para os aficionados da l\u00edngua portuguesa. Mas Maur\u00edcio de Sousa prometeu, na noite da elei\u00e7\u00e3o, que inistir\u00e1 na ideia de pertencer aos quadros da ABL. \u201cTenho grandes projetos para ela\u201d, afirmou em S\u00e3o Paulo.<\/p>\n","protected":false},"excerpt":{"rendered":"<p>Ao eleger, com 35 votos, o professor \u00a0Ricardo Cavaliere para o seu quadro de membros efetivos, a Academia Brasileira de Letras ganhou um novo fil\u00f3logo, para fazer companhia ao consagrado mestre que \u00e9\u00a0 Evanildo \u00a0Bechara, hoje presidente da sua Comiss\u00e3o de Lexicografia e Lexicologia. Ele chega \u00e0 Casa de Machado de Assis cheio de planos [&hellip;]<\/p>\n","protected":false},"author":96,"featured_media":0,"comment_status":"closed","ping_status":"closed","sticky":false,"template":"","format":"standard","meta":{"footnotes":""},"categories":[275],"tags":[],"class_list":["post-213510","post","type-post","status-publish","format-standard","hentry","category-arnaldo-niskier"],"_links":{"self":[{"href":"https:\/\/diarioregionaldigital.com.br\/index.php?rest_route=\/wp\/v2\/posts\/213510","targetHints":{"allow":["GET"]}}],"collection":[{"href":"https:\/\/diarioregionaldigital.com.br\/index.php?rest_route=\/wp\/v2\/posts"}],"about":[{"href":"https:\/\/diarioregionaldigital.com.br\/index.php?rest_route=\/wp\/v2\/types\/post"}],"author":[{"embeddable":true,"href":"https:\/\/diarioregionaldigital.com.br\/index.php?rest_route=\/wp\/v2\/users\/96"}],"replies":[{"embeddable":true,"href":"https:\/\/diarioregionaldigital.com.br\/index.php?rest_route=%2Fwp%2Fv2%2Fcomments&post=213510"}],"version-history":[{"count":1,"href":"https:\/\/diarioregionaldigital.com.br\/index.php?rest_route=\/wp\/v2\/posts\/213510\/revisions"}],"predecessor-version":[{"id":213511,"href":"https:\/\/diarioregionaldigital.com.br\/index.php?rest_route=\/wp\/v2\/posts\/213510\/revisions\/213511"}],"wp:attachment":[{"href":"https:\/\/diarioregionaldigital.com.br\/index.php?rest_route=%2Fwp%2Fv2%2Fmedia&parent=213510"}],"wp:term":[{"taxonomy":"category","embeddable":true,"href":"https:\/\/diarioregionaldigital.com.br\/index.php?rest_route=%2Fwp%2Fv2%2Fcategories&post=213510"},{"taxonomy":"post_tag","embeddable":true,"href":"https:\/\/diarioregionaldigital.com.br\/index.php?rest_route=%2Fwp%2Fv2%2Ftags&post=213510"}],"curies":[{"name":"wp","href":"https:\/\/api.w.org\/{rel}","templated":true}]}}