{"id":213507,"date":"2023-05-07T06:00:56","date_gmt":"2023-05-07T09:00:56","guid":{"rendered":"https:\/\/diarioregionaldigital.com.br\/?p=213507"},"modified":"2023-05-08T22:09:46","modified_gmt":"2023-05-09T01:09:46","slug":"correcao-que-edifica","status":"publish","type":"post","link":"https:\/\/diarioregionaldigital.com.br\/?p=213507","title":{"rendered":"Corre\u00e7\u00e3o que edifica"},"content":{"rendered":"<p>\u201cQuem fere por amor mostra lealdade, mas o inimigo multiplica beijos\u201d (Prov\u00e9rbios 27: 6).<\/p>\n<p>Hoje em dia os indiv\u00edduos est\u00e3o ficando cada vez mais imaturos emocionalmente. As pessoas t\u00eam dificuldade de aceitar cr\u00edticas e algumas chegam a se vitimizar quando se deparam com algum tipo de contrariedade.<\/p>\n<p>O sinal do absurdo \u00e9 a quantidade de \u201ccancelamentos\u201d na internet e de processos judiciais por esse tipo de motiva\u00e7\u00e3o.<\/p>\n<p>Isso afeta a disposi\u00e7\u00e3o das pessoas corrigirem umas \u00e0s outras quando necess\u00e1rio. O gerente tem que se precaver para que a repreens\u00e3o resultante da m\u00e1 execu\u00e7\u00e3o de alguma tarefa no trabalho n\u00e3o se torne acusa\u00e7\u00e3o de ass\u00e9dio. O professor tem que cuidar para que o ato de ensinar n\u00e3o d\u00ea vaz\u00e3o \u00e0 acusa\u00e7\u00e3o de bullying e mesmo os pais ficam constrangidos de educarem seus filhos, sob pena de serem acusados de severidade.<\/p>\n<p>\u00c9 \u00f3bvio que os abusos devem ser enfrentados seja ele qual for e venha de onde vier. Mas outros excessos tamb\u00e9m s\u00e3o danosos. O gerente precisa coordenar, o professor precisa ensinar, os pais precisam educar e as pessoas em geral precisam aceitar a corre\u00e7\u00e3o para poderem melhorar.<\/p>\n<p>\u201cQuem recusa a disciplina faz pouco caso de si mesmo, mas quem ouve a repreens\u00e3o obt\u00e9m entendimento\u201d (Prov\u00e9rbios 15: 32).<\/p>\n<p>As feridas que procedem do amor s\u00e3o ben\u00e9ficas porque ajudam no aperfei\u00e7oamento pessoal. A cr\u00edtica \u00e9 sempre em algum n\u00edvel construtiva, quando \u00e9 feita justamente ajuda a melhorar o desempenho ou comportamento naquela espec\u00edfica \u00e1rea, quando \u00e9 feita injustamente tamb\u00e9m ajuda a construir o car\u00e1ter por meio da paci\u00eancia e da humildade que Cristo nos ensinou.<\/p>\n<p>Do que adianta passar pela vida sem ser corrigido?<\/p>\n<p>Amigo n\u00e3o \u00e9 aquele que adula, mas quem se importa. Se a corre\u00e7\u00e3o vem do amor, n\u00e3o machuca, edifica.<\/p>\n<p>\u201cNenhuma disciplina parece ser motivo de alegria no momento, mas sim de tristeza. Mais tarde, por\u00e9m, produz fruto de justi\u00e7a e paz para aqueles que por ela foram exercitados\u201d (Hebreus 12: 11).<\/p>\n<p>O Crist\u00e3o n\u00e3o se sente ferido por nenhuma cr\u00edtica, pois sabe que \u00e9 pecador e imperfeito, por isso est\u00e1 disposto a melhorar o tempo todo. Ele tamb\u00e9m sabe que no mundo enfrentamos afli\u00e7\u00f5es, mas n\u00e3o se importa porque tem a convic\u00e7\u00e3o de que a fonte da injusti\u00e7a \u00e9 o Diabo e que sua justi\u00e7a vem do poder do Nome de Jesus Cristo.<\/p>\n","protected":false},"excerpt":{"rendered":"<p>\u201cQuem fere por amor mostra lealdade, mas o inimigo multiplica beijos\u201d (Prov\u00e9rbios 27: 6). Hoje em dia os indiv\u00edduos est\u00e3o ficando cada vez mais imaturos emocionalmente. As pessoas t\u00eam dificuldade de aceitar cr\u00edticas e algumas chegam a se vitimizar quando se deparam com algum tipo de contrariedade. O sinal do absurdo \u00e9 a quantidade de [&hellip;]<\/p>\n","protected":false},"author":96,"featured_media":0,"comment_status":"closed","ping_status":"closed","sticky":false,"template":"","format":"standard","meta":{"footnotes":""},"categories":[1244],"tags":[],"class_list":["post-213507","post","type-post","status-publish","format-standard","hentry","category-oleg-abramov"],"_links":{"self":[{"href":"https:\/\/diarioregionaldigital.com.br\/index.php?rest_route=\/wp\/v2\/posts\/213507","targetHints":{"allow":["GET"]}}],"collection":[{"href":"https:\/\/diarioregionaldigital.com.br\/index.php?rest_route=\/wp\/v2\/posts"}],"about":[{"href":"https:\/\/diarioregionaldigital.com.br\/index.php?rest_route=\/wp\/v2\/types\/post"}],"author":[{"embeddable":true,"href":"https:\/\/diarioregionaldigital.com.br\/index.php?rest_route=\/wp\/v2\/users\/96"}],"replies":[{"embeddable":true,"href":"https:\/\/diarioregionaldigital.com.br\/index.php?rest_route=%2Fwp%2Fv2%2Fcomments&post=213507"}],"version-history":[{"count":1,"href":"https:\/\/diarioregionaldigital.com.br\/index.php?rest_route=\/wp\/v2\/posts\/213507\/revisions"}],"predecessor-version":[{"id":213509,"href":"https:\/\/diarioregionaldigital.com.br\/index.php?rest_route=\/wp\/v2\/posts\/213507\/revisions\/213509"}],"wp:attachment":[{"href":"https:\/\/diarioregionaldigital.com.br\/index.php?rest_route=%2Fwp%2Fv2%2Fmedia&parent=213507"}],"wp:term":[{"taxonomy":"category","embeddable":true,"href":"https:\/\/diarioregionaldigital.com.br\/index.php?rest_route=%2Fwp%2Fv2%2Fcategories&post=213507"},{"taxonomy":"post_tag","embeddable":true,"href":"https:\/\/diarioregionaldigital.com.br\/index.php?rest_route=%2Fwp%2Fv2%2Ftags&post=213507"}],"curies":[{"name":"wp","href":"https:\/\/api.w.org\/{rel}","templated":true}]}}