{"id":213497,"date":"2023-05-08T21:50:13","date_gmt":"2023-05-09T00:50:13","guid":{"rendered":"https:\/\/diarioregionaldigital.com.br\/?p=213497"},"modified":"2023-05-08T21:50:13","modified_gmt":"2023-05-09T00:50:13","slug":"pjf-entrega-nova-alca-de-ligacao-do-viaduto-helio-fadel-com-a-avenida-brasil","status":"publish","type":"post","link":"https:\/\/diarioregionaldigital.com.br\/?p=213497","title":{"rendered":"PJF entrega nova al\u00e7a de liga\u00e7\u00e3o do Viaduto Helio F\u00e1del com a Avenida Brasil"},"content":{"rendered":"<p>Segundo informa\u00e7\u00f5es do site da Prefeitura de Juiz de Fora (PJF), mais uma interven\u00e7\u00e3o para garantir melhoria na fluidez do tr\u00e2nsito no Centro da cidade foi realizada pela Prefeitura de Juiz de Fora (PJF): a nova al\u00e7a de liga\u00e7\u00e3o do Viaduto Helio F\u00e1del Araujo com a Avenida Brasil. A pista foi aberta neste final de semana e os resultados de diminui\u00e7\u00e3o da reten\u00e7\u00e3o de ve\u00edculos j\u00e1 s\u00e3o vis\u00edveis no trecho. Os agentes de transporte e tr\u00e2nsito estiveram no local nesta segunda-feira, 8, para orientar os motoristas sobre a op\u00e7\u00e3o de acesso.<\/p>\n<p>A circula\u00e7\u00e3o na nova al\u00e7a tem o esquema de direita livre, onde o condutor deve observar o tr\u00e2nsito e realizar a convers\u00e3o quando houver seguran\u00e7a, sem ter que aguardar o tempo do sem\u00e1foro. Uma nova cal\u00e7ada tamb\u00e9m foi feita no trecho, que recebeu, inclusive, o plantio de \u00e1rvores. A obra da al\u00e7a foi feita pela Secretaria de Obras (SO) e o asfaltamento e a jardinagem pela Empresa Municipal de Pavimenta\u00e7\u00e3o e Urbanidades (Empav).<\/p>\n","protected":false},"excerpt":{"rendered":"<p>Segundo informa\u00e7\u00f5es do site da Prefeitura de Juiz de Fora (PJF), mais uma interven\u00e7\u00e3o para garantir melhoria na fluidez do tr\u00e2nsito no Centro da cidade foi realizada pela Prefeitura de Juiz de Fora (PJF): a nova al\u00e7a de liga\u00e7\u00e3o do Viaduto Helio F\u00e1del Araujo com a Avenida Brasil. A pista foi aberta neste final de [&hellip;]<\/p>\n","protected":false},"author":246,"featured_media":213498,"comment_status":"closed","ping_status":"closed","sticky":false,"template":"","format":"standard","meta":{"footnotes":""},"categories":[253,436,439],"tags":[],"class_list":["post-213497","post","type-post","status-publish","format-standard","has-post-thumbnail","hentry","category-cidade","category-destaque-da-semana","category-ultima-hora"],"_links":{"self":[{"href":"https:\/\/diarioregionaldigital.com.br\/index.php?rest_route=\/wp\/v2\/posts\/213497","targetHints":{"allow":["GET"]}}],"collection":[{"href":"https:\/\/diarioregionaldigital.com.br\/index.php?rest_route=\/wp\/v2\/posts"}],"about":[{"href":"https:\/\/diarioregionaldigital.com.br\/index.php?rest_route=\/wp\/v2\/types\/post"}],"author":[{"embeddable":true,"href":"https:\/\/diarioregionaldigital.com.br\/index.php?rest_route=\/wp\/v2\/users\/246"}],"replies":[{"embeddable":true,"href":"https:\/\/diarioregionaldigital.com.br\/index.php?rest_route=%2Fwp%2Fv2%2Fcomments&post=213497"}],"version-history":[{"count":1,"href":"https:\/\/diarioregionaldigital.com.br\/index.php?rest_route=\/wp\/v2\/posts\/213497\/revisions"}],"predecessor-version":[{"id":213499,"href":"https:\/\/diarioregionaldigital.com.br\/index.php?rest_route=\/wp\/v2\/posts\/213497\/revisions\/213499"}],"wp:featuredmedia":[{"embeddable":true,"href":"https:\/\/diarioregionaldigital.com.br\/index.php?rest_route=\/wp\/v2\/media\/213498"}],"wp:attachment":[{"href":"https:\/\/diarioregionaldigital.com.br\/index.php?rest_route=%2Fwp%2Fv2%2Fmedia&parent=213497"}],"wp:term":[{"taxonomy":"category","embeddable":true,"href":"https:\/\/diarioregionaldigital.com.br\/index.php?rest_route=%2Fwp%2Fv2%2Fcategories&post=213497"},{"taxonomy":"post_tag","embeddable":true,"href":"https:\/\/diarioregionaldigital.com.br\/index.php?rest_route=%2Fwp%2Fv2%2Ftags&post=213497"}],"curies":[{"name":"wp","href":"https:\/\/api.w.org\/{rel}","templated":true}]}}