{"id":213485,"date":"2023-05-08T21:34:17","date_gmt":"2023-05-09T00:34:17","guid":{"rendered":"https:\/\/diarioregionaldigital.com.br\/?p=213485"},"modified":"2023-05-08T21:34:17","modified_gmt":"2023-05-09T00:34:17","slug":"beth-gomes-quebra-recorde-mundial-paralimpico-no-lancamento-de-dardo","status":"publish","type":"post","link":"https:\/\/diarioregionaldigital.com.br\/?p=213485","title":{"rendered":"Beth Gomes quebra recorde mundial paral\u00edmpico no lan\u00e7amento de dardo"},"content":{"rendered":"<p>Ouro na Paralimp\u00edada de T\u00f3quio, a santista Beth Gomes quebrou neste domingo (7) o pr\u00f3prio recorde mundial no lan\u00e7amento de dardo, ao cravar a dist\u00e2ncia de 13,89 metros, exatos 20 cent\u00edmetros a mais que a\u00a0<a href=\"https:\/\/agenciabrasil.ebc.com.br\/esportes\/noticia\/2023-03\/atletismo-paralimpico-brasileiras-quebram-3-recordes-mundiais-em-sp\">obtida por ela em mar\u00e7o<\/a>.\u00a0 A multicampe\u00e3 da classe F53 (cadeirantes) bateu a marca durante a segunda etapa do Circuito Loterias Caixa, no Centro de Treinamento Paral\u00edmpico (CT), em\u00a0S\u00e3o Paulo.<\/p>\n<p>\u201cSinceramente, n\u00e3o esperava este recorde. Mas quando o dardo sai da m\u00e3o, voc\u00ea j\u00e1 percebe que vai vir uma marca boa. Estou muito feliz, at\u00e9 porque acho que d\u00e1 para melhorar ainda mais\u201d, comemorou a atleta, em depoimento ao Comit\u00ea Paral\u00edmpico Brasileiro (CPB).<\/p>\n<p>O ano tem sido exitoso para a atleta de 58 anos, mesmo ap\u00f3s ter passado por uma reclassifica\u00e7\u00e3o funcional do Comit\u00ea Paral\u00edmpico Internacional (IPC) que a inseriu na classe F53.\u00a0 A banca da entidade justificou a mudan\u00e7a ap\u00f3s avaliar a funcionalidade dos membros da atleta, concluindo que ela teria t\u00f4nus muscular no tronco podendo competir numa classe acima.<\/p>\n<p>A segunda etapa do Circuito\u00a0 Loterias Caixa foi a \u00faltima oportunidade de os atletas atingirem o \u00edndice para classifica\u00e7\u00e3o ao Mundial de Paris, programado para o per\u00edodo de 8 a 17 de julho.\u00a0 Al\u00e9m da atleta, o pa\u00eds poder\u00e1 levar at\u00e9 50 competidores, independente do g\u00eanero. A convoca\u00e7\u00e3o deve sair ap\u00f3s 15 de maio.<\/p>\n<p>\u201cTivemos a confirma\u00e7\u00e3o de bons resultados de v\u00e1rios atletas, com \u00edndices para o Mundial ou boa classifica\u00e7\u00e3o no ranking internacional\u201d, afirmou Jo\u00e3o Paulo Cunha, coordenador do atletismo no Comit\u00ea Paral\u00edmpico Brasileiro (CPB).<\/p>\n<p>Diagnosticada com esclerose m\u00faltipla em 1993, Beth Gomes estava desde 2018 na classe F52 (maior comprometimento motor). Foi nesta classe que ela faturou o ouro na Paralimp\u00edada de T\u00f3quio e superou recordes mundiais (disco e arremesso de peso) que seguem vigentes.<\/p>\n<p>O recorde anterior da atleta ainda n\u00e3o consta no site do Comit\u00ea Paral\u00edmpico Internacional (IPC, na sigla em ingl\u00eas). A marca divulgada pela entidade foi estabelecida durante os Jogos Paral\u00edmpicos de T\u00f3quio 2020, pela ucraniana Iana Lebiedieva, que, na ocasi\u00e3o, realizou o lan\u00e7amento de 11,89m.<\/p>\n<p><span style=\"font-weight: 400;\">Fonte: Ag\u00eancia Brasil\u00a0<\/span><span style=\"font-weight: 400;\"><br \/>\n<\/span><\/p>\n","protected":false},"excerpt":{"rendered":"<p>Ouro na Paralimp\u00edada de T\u00f3quio, a santista Beth Gomes quebrou neste domingo (7) o pr\u00f3prio recorde mundial no lan\u00e7amento de dardo, ao cravar a dist\u00e2ncia de 13,89 metros, exatos 20 cent\u00edmetros a mais que a\u00a0obtida por ela em mar\u00e7o.\u00a0 A multicampe\u00e3 da classe F53 (cadeirantes) bateu a marca durante a segunda etapa do Circuito Loterias [&hellip;]<\/p>\n","protected":false},"author":246,"featured_media":213486,"comment_status":"closed","ping_status":"closed","sticky":false,"template":"","format":"standard","meta":{"footnotes":""},"categories":[436,257,439],"tags":[],"class_list":["post-213485","post","type-post","status-publish","format-standard","has-post-thumbnail","hentry","category-destaque-da-semana","category-esporte","category-ultima-hora"],"_links":{"self":[{"href":"https:\/\/diarioregionaldigital.com.br\/index.php?rest_route=\/wp\/v2\/posts\/213485","targetHints":{"allow":["GET"]}}],"collection":[{"href":"https:\/\/diarioregionaldigital.com.br\/index.php?rest_route=\/wp\/v2\/posts"}],"about":[{"href":"https:\/\/diarioregionaldigital.com.br\/index.php?rest_route=\/wp\/v2\/types\/post"}],"author":[{"embeddable":true,"href":"https:\/\/diarioregionaldigital.com.br\/index.php?rest_route=\/wp\/v2\/users\/246"}],"replies":[{"embeddable":true,"href":"https:\/\/diarioregionaldigital.com.br\/index.php?rest_route=%2Fwp%2Fv2%2Fcomments&post=213485"}],"version-history":[{"count":1,"href":"https:\/\/diarioregionaldigital.com.br\/index.php?rest_route=\/wp\/v2\/posts\/213485\/revisions"}],"predecessor-version":[{"id":213487,"href":"https:\/\/diarioregionaldigital.com.br\/index.php?rest_route=\/wp\/v2\/posts\/213485\/revisions\/213487"}],"wp:featuredmedia":[{"embeddable":true,"href":"https:\/\/diarioregionaldigital.com.br\/index.php?rest_route=\/wp\/v2\/media\/213486"}],"wp:attachment":[{"href":"https:\/\/diarioregionaldigital.com.br\/index.php?rest_route=%2Fwp%2Fv2%2Fmedia&parent=213485"}],"wp:term":[{"taxonomy":"category","embeddable":true,"href":"https:\/\/diarioregionaldigital.com.br\/index.php?rest_route=%2Fwp%2Fv2%2Fcategories&post=213485"},{"taxonomy":"post_tag","embeddable":true,"href":"https:\/\/diarioregionaldigital.com.br\/index.php?rest_route=%2Fwp%2Fv2%2Ftags&post=213485"}],"curies":[{"name":"wp","href":"https:\/\/api.w.org\/{rel}","templated":true}]}}