{"id":213479,"date":"2023-05-08T21:30:18","date_gmt":"2023-05-09T00:30:18","guid":{"rendered":"https:\/\/diarioregionaldigital.com.br\/?p=213479"},"modified":"2023-05-08T21:30:18","modified_gmt":"2023-05-09T00:30:18","slug":"ginastica-ritmica-brasil-leva-ouro-inedito-em-etapa-da-copa-do-mundo","status":"publish","type":"post","link":"https:\/\/diarioregionaldigital.com.br\/?p=213479","title":{"rendered":"Gin\u00e1stica r\u00edtmica: Brasil leva ouro in\u00e9dito em etapa da Copa do Mundo"},"content":{"rendered":"<p>A sele\u00e7\u00e3o brasileira de gin\u00e1stica emplacou mais uma conquista in\u00e9dita ao faturar a medalha de ouro na etapa de Portim\u00e3o (Portugal) da Copa do Mundo. Neste domingo (7), o conjunto formado por Duda Arakaki, Nicole Pircio, Giovanna Silva, Vict\u00f3ria Borges e Sofia Madeira (e Julia Kurunczi como reserva) arrebatou o p\u00fablico com uma apresenta\u00e7\u00e3o irretoc\u00e1vel que recebeu nota 34.600, superando pot\u00eancias na modalidade, como a Espanha (34.450) que ficou com a prata, e a It\u00e1lia (33.800) com o bronze.<\/p>\n<p>\u201cFelizmente, elas conseguiram fazer uma apresenta\u00e7\u00e3o sem erros vis\u00edveis. A gente sabe que, se n\u00e3o falharmos, vamos ao p\u00f3dio. Al\u00e9m disso, ainda conseguimos o ouro, o que n\u00e3o esper\u00e1vamos, porque foi a vez de a It\u00e1lia errar. Certamente, esse resultado vai fortalecer a confian\u00e7a de todas, para nos mantermos firmes nessa caminhada\u201d, avaliou a treinadora Camila Ferezin, em depoimento \u00e0 Confedera\u00e7\u00e3o Brasileira de Gin\u00e1stica (CBG).<\/p>\n<p>Para a treinadora, o apoio da torcida lusitana que vibrou e bateu palmas durante a apresenta\u00e7\u00e3o foi um est\u00edmulo a mais para o \u00f3timo desempenho das brasileiras.<\/p>\n<p>\u201cAcho que por causa da proximidade dos dois povos, os portugueses adotaram a nossa equipe e nos abra\u00e7aram. Esse apoio e a vibra\u00e7\u00e3o deles deram um car\u00e1ter apote\u00f3tico \u00e0 conquista\u201d, reconheceu Ferezin.<\/p>\n<p>Desde o ano passado, o pa\u00eds\u00a0vem ascendendo no cen\u00e1rio internacional. Em setembro, conseguiu seu melhor resultado na hist\u00f3ria ao ficar\u00a0<a href=\"https:\/\/agenciabrasil.ebc.com.br\/esportes\/noticia\/2022-09\/brasil-fica-no-top-5-do-geral-no-mundial-de-ginastica-ritmica\">no top 5 no geral do Mundial,<\/a>\u00a0em S\u00f3fia (Bulg\u00e1ria). Nesta temporada, em abril, a paranaense B\u00e1rbara Domingos, de 23 anos, faturou no dia 7 o bronze na fita &#8211; primeira medalha do pa\u00eds na disputa individual \u2013 na etapa da Copa do Mundo, na Bulg\u00e1ria; e uma semana depois conseguiu um ouro in\u00e9dito, tamb\u00e9m na fita, no Grand Prix de Thiais (Fran\u00e7a).<\/p>\n<h2>Ciclo ol\u00edmpico para Paris 2024<\/h2>\n<p>Na busca por uma vaga na competi\u00e7\u00e3o por equipes nos Jogos de Paris (Fran\u00e7a) &#8211; ser\u00e3o\u00a014 conjuntos (com cinco ginastas cada) &#8211; o Brasil ter\u00e1 de disputar uma das cinco vagas dispon\u00edveis no Campeonato Mundial da modalidade, entre 23 e 27 de agosto, em Val\u00eancia (Espanha). Caso n\u00e3o consiga, ter\u00e1 uma \u00faltima chance de classifica\u00e7\u00e3o se for campe\u00e3o\u00a0no Campeonato Pan-Americano, previsto para ocorrer entre abril e maio de 2024.<\/p>\n<p>A disputa individual de Paris ter\u00e1 24 ginastas, com limite de duas representantes por pa\u00eds. O Mundial de Val\u00eancia distribuir\u00e1 14 vagas, enquanto o Campeonato Pan-Americano premiar\u00e1 a atleta campe\u00e3.<\/p>\n<p>O Brasil nunca conquistou medalhas na\u00a0gin\u00e1stica r\u00edtmica em Olimp\u00edadas.\u00a0O melhor desempenho individual foi o 23\u00ba lugar de Nat\u00e1lia Gaudio, na Rio 2026. Na disputa por equipes, o pa\u00eds alcan\u00e7ou duas vezes a oitava posi\u00e7\u00e3o, nas edi\u00e7\u00f5es de 2000, em Sydney (Austr\u00e1lia), e 2004, em Atenas.<\/p>\n<p><span style=\"font-weight: 400;\"><br \/>\n<\/span><span style=\"font-weight: 400;\">Fonte: Ag\u00eancia Brasil <\/span><\/p>\n","protected":false},"excerpt":{"rendered":"<p>A sele\u00e7\u00e3o brasileira de gin\u00e1stica emplacou mais uma conquista in\u00e9dita ao faturar a medalha de ouro na etapa de Portim\u00e3o (Portugal) da Copa do Mundo. Neste domingo (7), o conjunto formado por Duda Arakaki, Nicole Pircio, Giovanna Silva, Vict\u00f3ria Borges e Sofia Madeira (e Julia Kurunczi como reserva) arrebatou o p\u00fablico com uma apresenta\u00e7\u00e3o irretoc\u00e1vel [&hellip;]<\/p>\n","protected":false},"author":246,"featured_media":213480,"comment_status":"closed","ping_status":"closed","sticky":false,"template":"","format":"standard","meta":{"footnotes":""},"categories":[436,257,439],"tags":[],"class_list":["post-213479","post","type-post","status-publish","format-standard","has-post-thumbnail","hentry","category-destaque-da-semana","category-esporte","category-ultima-hora"],"_links":{"self":[{"href":"https:\/\/diarioregionaldigital.com.br\/index.php?rest_route=\/wp\/v2\/posts\/213479","targetHints":{"allow":["GET"]}}],"collection":[{"href":"https:\/\/diarioregionaldigital.com.br\/index.php?rest_route=\/wp\/v2\/posts"}],"about":[{"href":"https:\/\/diarioregionaldigital.com.br\/index.php?rest_route=\/wp\/v2\/types\/post"}],"author":[{"embeddable":true,"href":"https:\/\/diarioregionaldigital.com.br\/index.php?rest_route=\/wp\/v2\/users\/246"}],"replies":[{"embeddable":true,"href":"https:\/\/diarioregionaldigital.com.br\/index.php?rest_route=%2Fwp%2Fv2%2Fcomments&post=213479"}],"version-history":[{"count":1,"href":"https:\/\/diarioregionaldigital.com.br\/index.php?rest_route=\/wp\/v2\/posts\/213479\/revisions"}],"predecessor-version":[{"id":213481,"href":"https:\/\/diarioregionaldigital.com.br\/index.php?rest_route=\/wp\/v2\/posts\/213479\/revisions\/213481"}],"wp:featuredmedia":[{"embeddable":true,"href":"https:\/\/diarioregionaldigital.com.br\/index.php?rest_route=\/wp\/v2\/media\/213480"}],"wp:attachment":[{"href":"https:\/\/diarioregionaldigital.com.br\/index.php?rest_route=%2Fwp%2Fv2%2Fmedia&parent=213479"}],"wp:term":[{"taxonomy":"category","embeddable":true,"href":"https:\/\/diarioregionaldigital.com.br\/index.php?rest_route=%2Fwp%2Fv2%2Fcategories&post=213479"},{"taxonomy":"post_tag","embeddable":true,"href":"https:\/\/diarioregionaldigital.com.br\/index.php?rest_route=%2Fwp%2Fv2%2Ftags&post=213479"}],"curies":[{"name":"wp","href":"https:\/\/api.w.org\/{rel}","templated":true}]}}