{"id":213473,"date":"2023-05-08T21:21:14","date_gmt":"2023-05-09T00:21:14","guid":{"rendered":"https:\/\/diarioregionaldigital.com.br\/?p=213473"},"modified":"2023-05-08T21:21:14","modified_gmt":"2023-05-09T00:21:14","slug":"governo-destinara-r-200-milhoes-para-complementacao-do-plano-safra","status":"publish","type":"post","link":"https:\/\/diarioregionaldigital.com.br\/?p=213473","title":{"rendered":"Governo destinar\u00e1 R$ 200 milh\u00f5es para complementa\u00e7\u00e3o do Plano Safra"},"content":{"rendered":"<p>O valor dos recursos que ser\u00e3o disponibilizados para a complementa\u00e7\u00e3o do Plano Safra 2022\/23, que termina em 30 de junho, ser\u00e1 de R$ 200 milh\u00f5es. O montante deve permitir a equaliza\u00e7\u00e3o de cerca de R$ 8,4 bilh\u00f5es para aplica\u00e7\u00e3o imediata nos programas de financiamento do Moderfrota, em irriga\u00e7\u00e3o e demais investimentos e em pr\u00e9-custeio e custeio. O an\u00fancio foi feito pelo ministro da Agricultura e Pecu\u00e1ria, Carlos F\u00e1varo.<\/p>\n<p>De acordo com F\u00e1varo, a medida foi necess\u00e1ria porque o Plano Safra em curso n\u00e3o conseguiu cumprir todas as demandas dos produtores por esse cr\u00e9dito.<\/p>\n<p>\u201cN\u00f3s t\u00ednhamos investimentos h\u00e1 muito tempo paralisados. Ainda em janeiro, quando o presidente do BNDES, Aloizio Mercadante assumiu, foram liberados R$ 2.7 bilh\u00f5es para investimentos, que rapidamente foram tomados, e n\u00f3s come\u00e7amos ent\u00e3o a busca por complementos or\u00e7ament\u00e1rios. Buscamos a complementa\u00e7\u00e3o de recursos por meio de remanejamento de outros or\u00e7amentos para que n\u00f3s pud\u00e9ssemos disponibilizar os valores para o Plano Safra\u201d, explicou.<\/p>\n<p>Segundo o ministro, o sucesso da linha de cr\u00e9dito rural dolarizada do Banco Nacional de Desenvolvimento Econ\u00f4mico e Social (BNDES), constru\u00edda com o Mapa, mostrou a necessidade da aloca\u00e7\u00e3o de mais recursos para esse tipo especial financiamento. Ele disse ainda que o ajuste foi feito para contemplar os produtores e possibilitar que continuassem fazendo investimentos e se preparando para o pr\u00e9-custeio at\u00e9 a chegada do novo Plano Safra.<\/p>\n<p>\u201cCom juros de 7,59% ao ano, mais varia\u00e7\u00e3o cambial em d\u00f3lar, mais baratos que do Plano Safra, sem comprometer recurso do tesouro, foi uma grande novidade com alta aptid\u00e3o dos produtores\u201d, avaliou.<\/p>\n<p><span style=\"font-weight: 400;\">Fonte: Ag\u00eancia Brasil <\/span><\/p>\n","protected":false},"excerpt":{"rendered":"<p>O valor dos recursos que ser\u00e3o disponibilizados para a complementa\u00e7\u00e3o do Plano Safra 2022\/23, que termina em 30 de junho, ser\u00e1 de R$ 200 milh\u00f5es. O montante deve permitir a equaliza\u00e7\u00e3o de cerca de R$ 8,4 bilh\u00f5es para aplica\u00e7\u00e3o imediata nos programas de financiamento do Moderfrota, em irriga\u00e7\u00e3o e demais investimentos e em pr\u00e9-custeio e [&hellip;]<\/p>\n","protected":false},"author":246,"featured_media":213474,"comment_status":"closed","ping_status":"closed","sticky":false,"template":"","format":"standard","meta":{"footnotes":""},"categories":[436,254,439],"tags":[],"class_list":["post-213473","post","type-post","status-publish","format-standard","has-post-thumbnail","hentry","category-destaque-da-semana","category-politica","category-ultima-hora"],"_links":{"self":[{"href":"https:\/\/diarioregionaldigital.com.br\/index.php?rest_route=\/wp\/v2\/posts\/213473","targetHints":{"allow":["GET"]}}],"collection":[{"href":"https:\/\/diarioregionaldigital.com.br\/index.php?rest_route=\/wp\/v2\/posts"}],"about":[{"href":"https:\/\/diarioregionaldigital.com.br\/index.php?rest_route=\/wp\/v2\/types\/post"}],"author":[{"embeddable":true,"href":"https:\/\/diarioregionaldigital.com.br\/index.php?rest_route=\/wp\/v2\/users\/246"}],"replies":[{"embeddable":true,"href":"https:\/\/diarioregionaldigital.com.br\/index.php?rest_route=%2Fwp%2Fv2%2Fcomments&post=213473"}],"version-history":[{"count":1,"href":"https:\/\/diarioregionaldigital.com.br\/index.php?rest_route=\/wp\/v2\/posts\/213473\/revisions"}],"predecessor-version":[{"id":213475,"href":"https:\/\/diarioregionaldigital.com.br\/index.php?rest_route=\/wp\/v2\/posts\/213473\/revisions\/213475"}],"wp:featuredmedia":[{"embeddable":true,"href":"https:\/\/diarioregionaldigital.com.br\/index.php?rest_route=\/wp\/v2\/media\/213474"}],"wp:attachment":[{"href":"https:\/\/diarioregionaldigital.com.br\/index.php?rest_route=%2Fwp%2Fv2%2Fmedia&parent=213473"}],"wp:term":[{"taxonomy":"category","embeddable":true,"href":"https:\/\/diarioregionaldigital.com.br\/index.php?rest_route=%2Fwp%2Fv2%2Fcategories&post=213473"},{"taxonomy":"post_tag","embeddable":true,"href":"https:\/\/diarioregionaldigital.com.br\/index.php?rest_route=%2Fwp%2Fv2%2Ftags&post=213473"}],"curies":[{"name":"wp","href":"https:\/\/api.w.org\/{rel}","templated":true}]}}