{"id":213469,"date":"2023-05-08T21:18:44","date_gmt":"2023-05-09T00:18:44","guid":{"rendered":"https:\/\/diarioregionaldigital.com.br\/?p=213469"},"modified":"2023-05-08T21:18:44","modified_gmt":"2023-05-09T00:18:44","slug":"covid-19-nao-acabou-e-vacinacao-segue-fundamental-alerta-ministra","status":"publish","type":"post","link":"https:\/\/diarioregionaldigital.com.br\/?p=213469","title":{"rendered":"Covid-19 n\u00e3o acabou e vacina\u00e7\u00e3o segue fundamental, alerta ministra"},"content":{"rendered":"<p>A ministra da Sa\u00fade, N\u00edsia Trindade, far\u00e1 um pronunciamento, em cadeia nacional de r\u00e1dio e televis\u00e3o, na noite deste domingo (7). A mensagem, que deve ir ao ar por volta das 20h, vai destacar a declara\u00e7\u00e3o da Organiza\u00e7\u00e3o Mundial de Sa\u00fade (OMS), que decretou o\u00a0<a href=\"https:\/\/agenciabrasil.ebc.com.br\/saude\/noticia\/2023-05\/oms-declara-fim-da-emergencia-em-saude-por-covid-19\" target=\"_blank\" rel=\"noopener\">fim da Emerg\u00eancia de Sa\u00fade P\u00fablica de Import\u00e2ncia Internacional<\/a>\u00a0em rela\u00e7\u00e3o \u00e0 covid-19. Segundo a assessoria da ministra, a ideia \u00e9 que ela ressalte que\u00a0a covid-19 ainda n\u00e3o acabou e que a vacina\u00e7\u00e3o continua fundamental.<\/p>\n<p>Ap\u00f3s mais de tr\u00eas anos, a OMS declarou na \u00faltima sexta-feira (5) que a covid-19 n\u00e3o configura mais emerg\u00eancia em sa\u00fade p\u00fablica de import\u00e2ncia internacional. De acordo com a entidade, o v\u00edrus se classifica agora como um \u201cproblema de sa\u00fade estabelecido e cont\u00ednuo\u201d.<\/p>\n<p>&#8220;\u00c9 uma grande vit\u00f3ria para a sociedade, poss\u00edvel gra\u00e7as \u00e0 ci\u00eancia e \u00e0 vacina\u00e7\u00e3o, orientadas para o acesso \u00e0 sa\u00fade. Ao mesmo tempo, o an\u00fancio n\u00e3o significa o fim da circula\u00e7\u00e3o do v\u00edrus, mas uma mudan\u00e7a de abordagem. Ainda temos que ter cuidados, inclusive nos vacinando contra a covid-19, o que em muitos pa\u00edses passou a compor o calend\u00e1rio anual, a exemplo da vacina\u00e7\u00e3o contra a influenza&#8221;, escreveu a ministra, nas redes sociais.<\/p>\n<p>Em todo o mundo, a pandemia levou \u00e0 morte mais de 7 milh\u00f5es de pessoas, n\u00famero que pode estar subestimado. Somente no Brasil, o n\u00famero de vidas perdidas ultrapassou as 700 mil pessoas.<\/p>\n<p><span style=\"font-weight: 400;\"><br \/>\n<\/span><span style=\"font-weight: 400;\">Fonte: Ag\u00eancia Brasil <\/span><\/p>\n","protected":false},"excerpt":{"rendered":"<p>A ministra da Sa\u00fade, N\u00edsia Trindade, far\u00e1 um pronunciamento, em cadeia nacional de r\u00e1dio e televis\u00e3o, na noite deste domingo (7). A mensagem, que deve ir ao ar por volta das 20h, vai destacar a declara\u00e7\u00e3o da Organiza\u00e7\u00e3o Mundial de Sa\u00fade (OMS), que decretou o\u00a0fim da Emerg\u00eancia de Sa\u00fade P\u00fablica de Import\u00e2ncia Internacional\u00a0em rela\u00e7\u00e3o \u00e0 [&hellip;]<\/p>\n","protected":false},"author":246,"featured_media":213471,"comment_status":"closed","ping_status":"closed","sticky":false,"template":"","format":"standard","meta":{"footnotes":""},"categories":[436,254,439],"tags":[],"class_list":["post-213469","post","type-post","status-publish","format-standard","has-post-thumbnail","hentry","category-destaque-da-semana","category-politica","category-ultima-hora"],"_links":{"self":[{"href":"https:\/\/diarioregionaldigital.com.br\/index.php?rest_route=\/wp\/v2\/posts\/213469","targetHints":{"allow":["GET"]}}],"collection":[{"href":"https:\/\/diarioregionaldigital.com.br\/index.php?rest_route=\/wp\/v2\/posts"}],"about":[{"href":"https:\/\/diarioregionaldigital.com.br\/index.php?rest_route=\/wp\/v2\/types\/post"}],"author":[{"embeddable":true,"href":"https:\/\/diarioregionaldigital.com.br\/index.php?rest_route=\/wp\/v2\/users\/246"}],"replies":[{"embeddable":true,"href":"https:\/\/diarioregionaldigital.com.br\/index.php?rest_route=%2Fwp%2Fv2%2Fcomments&post=213469"}],"version-history":[{"count":1,"href":"https:\/\/diarioregionaldigital.com.br\/index.php?rest_route=\/wp\/v2\/posts\/213469\/revisions"}],"predecessor-version":[{"id":213472,"href":"https:\/\/diarioregionaldigital.com.br\/index.php?rest_route=\/wp\/v2\/posts\/213469\/revisions\/213472"}],"wp:featuredmedia":[{"embeddable":true,"href":"https:\/\/diarioregionaldigital.com.br\/index.php?rest_route=\/wp\/v2\/media\/213471"}],"wp:attachment":[{"href":"https:\/\/diarioregionaldigital.com.br\/index.php?rest_route=%2Fwp%2Fv2%2Fmedia&parent=213469"}],"wp:term":[{"taxonomy":"category","embeddable":true,"href":"https:\/\/diarioregionaldigital.com.br\/index.php?rest_route=%2Fwp%2Fv2%2Fcategories&post=213469"},{"taxonomy":"post_tag","embeddable":true,"href":"https:\/\/diarioregionaldigital.com.br\/index.php?rest_route=%2Fwp%2Fv2%2Ftags&post=213469"}],"curies":[{"name":"wp","href":"https:\/\/api.w.org\/{rel}","templated":true}]}}