{"id":213458,"date":"2023-05-08T21:02:52","date_gmt":"2023-05-09T00:02:52","guid":{"rendered":"https:\/\/diarioregionaldigital.com.br\/?p=213458"},"modified":"2023-05-08T21:02:52","modified_gmt":"2023-05-09T00:02:52","slug":"haddad-anuncia-galipolo-para-direcao-de-politica-monetaria-do-bc","status":"publish","type":"post","link":"https:\/\/diarioregionaldigital.com.br\/?p=213458","title":{"rendered":"Haddad anuncia Gal\u00edpolo para dire\u00e7\u00e3o de Pol\u00edtica Monet\u00e1ria do BC"},"content":{"rendered":"<p>O ministro da Fazenda, Fernando Haddad, anunciou hoje (8), na capital paulista, dois novos diretores para o Banco Central (BC). Para a Diretoria de Pol\u00edtica Monet\u00e1ria, foi indicado Gabriel Gal\u00edpolo, que \u00e9 atualmente secret\u00e1rio-executivo do Minist\u00e9rio da Fazenda. Para a Diretoria de Fiscaliza\u00e7\u00e3o, o nome anunciado foi o de Ailton de Aquino Santos, servidor de carreira do banco.<\/p>\n<p>\u200bOs nomes devem passar por aprova\u00e7\u00e3o no Senado Federal. O BC tem, no total, oito diretores, al\u00e9m do presidente.<\/p>\n<p>Segundo Haddad, os nomes j\u00e1 receberam o aval\u00a0do presidente da Rep\u00fablica, Luiz In\u00e1cio Lula da Silva. O ministro disse ainda que a primeira pessoa a considerar Gal\u00edpolo para a fun\u00e7\u00e3o foi o atual presidente do BC, Roberto Campos Neto. A ideia \u00e9 que os indicados promovam uma integra\u00e7\u00e3o entre o Minist\u00e9rio da Fazenda e o Banco Central.<\/p>\n<p>A secretaria executiva do Minist\u00e9rio da Fazenda deve ser ocupada por Dario Durigan.<\/p>\n<h2>Converg\u00eancia<\/h2>\n<p>O ministro enfatizou a expectativa de que a indica\u00e7\u00e3o favore\u00e7a uma converg\u00eancia entre a pol\u00edtica monet\u00e1ria do Banco Central e a pol\u00edtica fiscal do governo federal.<\/p>\n<p>\u201cN\u00f3s estamos nos reunindo permanentemente com as equipes do Banco Central. E eu entendo que esse movimento vai fortalecer ainda mais a aproxima\u00e7\u00e3o nessa dire\u00e7\u00e3o, de buscar a converg\u00eancia da pol\u00edtica econ\u00f4mica, para oferecer ao pa\u00eds as condi\u00e7\u00f5es de crescer com infla\u00e7\u00e3o baixa\u201d, acrescentou.<\/p>\n<p>O presidente Lula e o pr\u00f3prio Haddad t\u00eam criticado a manuten\u00e7\u00e3o da taxa b\u00e1sica de juros no patamar atual (13,75%) e cobrado uma redu\u00e7\u00e3o do percentual.<\/p>\n<p>O ministro tamb\u00e9m afirmou que o novo secret\u00e1rio executivo da pasta \u00e9 um nome de grande confian\u00e7a.<\/p>\n<p>\u201cDario n\u00e3o \u00e9 apenas uma pessoa de alt\u00edssima qualifica\u00e7\u00e3o t\u00e9cnica, \u00e9 uma pessoa com quem eu interajo h\u00e1 muitos anos e com quem eu tenho absoluta confian\u00e7a de que vai prosseguir na tarefa que essa equipe que foi montada est\u00e1 perseguindo\u201d, disse.<\/p>\n<p>Durigan foi assessor de Haddad entre 2015 e 2016, quando ele era prefeito de S\u00e3o Paulo, e trabalhou na Casa Civil no governo da presidente Dilma Rousseff (2011 a 2015). Atualmente, ele era respons\u00e1vel pela \u00e1rea de pol\u00edticas p\u00fablicas do Whatsapp &#8211; Brasil.<\/p>\n<p><span style=\"font-weight: 400;\">Fonte: Ag\u00eancia Brasil <\/span><\/p>\n","protected":false},"excerpt":{"rendered":"<p>O ministro da Fazenda, Fernando Haddad, anunciou hoje (8), na capital paulista, dois novos diretores para o Banco Central (BC). Para a Diretoria de Pol\u00edtica Monet\u00e1ria, foi indicado Gabriel Gal\u00edpolo, que \u00e9 atualmente secret\u00e1rio-executivo do Minist\u00e9rio da Fazenda. Para a Diretoria de Fiscaliza\u00e7\u00e3o, o nome anunciado foi o de Ailton de Aquino Santos, servidor de [&hellip;]<\/p>\n","protected":false},"author":246,"featured_media":213460,"comment_status":"closed","ping_status":"closed","sticky":false,"template":"","format":"standard","meta":{"footnotes":""},"categories":[436,261,439],"tags":[],"class_list":["post-213458","post","type-post","status-publish","format-standard","has-post-thumbnail","hentry","category-destaque-da-semana","category-economia","category-ultima-hora"],"_links":{"self":[{"href":"https:\/\/diarioregionaldigital.com.br\/index.php?rest_route=\/wp\/v2\/posts\/213458","targetHints":{"allow":["GET"]}}],"collection":[{"href":"https:\/\/diarioregionaldigital.com.br\/index.php?rest_route=\/wp\/v2\/posts"}],"about":[{"href":"https:\/\/diarioregionaldigital.com.br\/index.php?rest_route=\/wp\/v2\/types\/post"}],"author":[{"embeddable":true,"href":"https:\/\/diarioregionaldigital.com.br\/index.php?rest_route=\/wp\/v2\/users\/246"}],"replies":[{"embeddable":true,"href":"https:\/\/diarioregionaldigital.com.br\/index.php?rest_route=%2Fwp%2Fv2%2Fcomments&post=213458"}],"version-history":[{"count":1,"href":"https:\/\/diarioregionaldigital.com.br\/index.php?rest_route=\/wp\/v2\/posts\/213458\/revisions"}],"predecessor-version":[{"id":213461,"href":"https:\/\/diarioregionaldigital.com.br\/index.php?rest_route=\/wp\/v2\/posts\/213458\/revisions\/213461"}],"wp:featuredmedia":[{"embeddable":true,"href":"https:\/\/diarioregionaldigital.com.br\/index.php?rest_route=\/wp\/v2\/media\/213460"}],"wp:attachment":[{"href":"https:\/\/diarioregionaldigital.com.br\/index.php?rest_route=%2Fwp%2Fv2%2Fmedia&parent=213458"}],"wp:term":[{"taxonomy":"category","embeddable":true,"href":"https:\/\/diarioregionaldigital.com.br\/index.php?rest_route=%2Fwp%2Fv2%2Fcategories&post=213458"},{"taxonomy":"post_tag","embeddable":true,"href":"https:\/\/diarioregionaldigital.com.br\/index.php?rest_route=%2Fwp%2Fv2%2Ftags&post=213458"}],"curies":[{"name":"wp","href":"https:\/\/api.w.org\/{rel}","templated":true}]}}