{"id":213451,"date":"2023-05-08T20:59:51","date_gmt":"2023-05-08T23:59:51","guid":{"rendered":"https:\/\/diarioregionaldigital.com.br\/?p=213451"},"modified":"2023-05-08T20:59:51","modified_gmt":"2023-05-08T23:59:51","slug":"bolsa-de-valores-de-sao-paulo-fecha-em-alta-pelo-terceiro-dia-seguido","status":"publish","type":"post","link":"https:\/\/diarioregionaldigital.com.br\/?p=213451","title":{"rendered":"Bolsa de Valores de S\u00e3o Paulo fecha em alta pelo terceiro dia seguido"},"content":{"rendered":"<p>Pelo terceiro preg\u00e3o seguido, o\u00a0Ibovespa,\u00a0indicador de\u00a0desempenho m\u00e9dio das\u00a0principais\u00a0a\u00e7\u00f5es negociadas na B3,\u00a0a bolsa de valores paulista, fechou\u00a0em alta nesta segunda-feira (8).\u00a0O \u00edndice subiu 0,85% e chegou a 106.042,15 pontos. Na m\u00e1xima da sess\u00e3o, chegou a 106.715,75 pontos. O volume financeiro somou R$ 25,3 bilh\u00f5es.<\/p>\n<p>A varia\u00e7\u00e3o do \u00edndice foi influenciada\u00a0pelo avan\u00e7o das\u00a0<em>commodities<\/em>\u00a0no exterior, como o min\u00e9rio de ferro e o petr\u00f3leo, o que ajudou pap\u00e9is como Vale e Petrobras.\u00a0Internamente, o ministro da Fazenda, Fernando Haddad, anunciou hoje\u00a0que o secret\u00e1rio executivo da pasta, Gabriel Gal\u00edpolo,\u00a0ser\u00e1 indicado para a diretoria de Pol\u00edtica Monet\u00e1ria do Banco Central (BC).<\/p>\n<p>Em meio a cr\u00edticas reiteradas do presidente da Rep\u00fablica Luiz In\u00e1cio Lula da Silva \u00e0 pol\u00edtica de juros do BC, o mercado acompanha de perto as indica\u00e7\u00f5es \u00e0s diretorias da autarquia para avaliar se os nomes do novo governo poder\u00e3o representar algum tipo de ruptura ou de oposi\u00e7\u00e3o \u00e0s vis\u00f5es do atual presidente do BC, Roberto Campos Neto.<\/p>\n<p>O Goldman Sachs destacou, em relat\u00f3rio a clientes, que, dado o papel pol\u00edtico no atual governo, Gal\u00edpolo\u00a0\u00e9 visto como um potencial substituto de Campos,\u00a0quando o mandato deste \u00e0 frente do BC terminar, no final de 2024.<\/p>\n<p>O d\u00f3lar \u00e0 vista fechou em forte alta ante o real, retomando o patamar dos R$ 5 ap\u00f3s investidores reagirem negativamente ao an\u00fancio da indica\u00e7\u00e3o de\u00a0Gal\u00edpolo. O d\u00f3lar \u00e0 vista fechou o dia cotado a\u00a0R$\u00a05,015 na venda, em alta de 1,44%. Foi o maior ganho percentual em um dia desde 19 de abril, quando havia subido 2,2%.<\/p>\n<p><span style=\"font-weight: 400;\">Fonte: Ag\u00eancia Brasil <\/span><\/p>\n","protected":false},"excerpt":{"rendered":"<p>Pelo terceiro preg\u00e3o seguido, o\u00a0Ibovespa,\u00a0indicador de\u00a0desempenho m\u00e9dio das\u00a0principais\u00a0a\u00e7\u00f5es negociadas na B3,\u00a0a bolsa de valores paulista, fechou\u00a0em alta nesta segunda-feira (8).\u00a0O \u00edndice subiu 0,85% e chegou a 106.042,15 pontos. Na m\u00e1xima da sess\u00e3o, chegou a 106.715,75 pontos. O volume financeiro somou R$ 25,3 bilh\u00f5es. A varia\u00e7\u00e3o do \u00edndice foi influenciada\u00a0pelo avan\u00e7o das\u00a0commodities\u00a0no exterior, como o min\u00e9rio [&hellip;]<\/p>\n","protected":false},"author":246,"featured_media":213452,"comment_status":"closed","ping_status":"closed","sticky":false,"template":"","format":"standard","meta":{"footnotes":""},"categories":[436,261,439],"tags":[],"class_list":["post-213451","post","type-post","status-publish","format-standard","has-post-thumbnail","hentry","category-destaque-da-semana","category-economia","category-ultima-hora"],"_links":{"self":[{"href":"https:\/\/diarioregionaldigital.com.br\/index.php?rest_route=\/wp\/v2\/posts\/213451","targetHints":{"allow":["GET"]}}],"collection":[{"href":"https:\/\/diarioregionaldigital.com.br\/index.php?rest_route=\/wp\/v2\/posts"}],"about":[{"href":"https:\/\/diarioregionaldigital.com.br\/index.php?rest_route=\/wp\/v2\/types\/post"}],"author":[{"embeddable":true,"href":"https:\/\/diarioregionaldigital.com.br\/index.php?rest_route=\/wp\/v2\/users\/246"}],"replies":[{"embeddable":true,"href":"https:\/\/diarioregionaldigital.com.br\/index.php?rest_route=%2Fwp%2Fv2%2Fcomments&post=213451"}],"version-history":[{"count":2,"href":"https:\/\/diarioregionaldigital.com.br\/index.php?rest_route=\/wp\/v2\/posts\/213451\/revisions"}],"predecessor-version":[{"id":213455,"href":"https:\/\/diarioregionaldigital.com.br\/index.php?rest_route=\/wp\/v2\/posts\/213451\/revisions\/213455"}],"wp:featuredmedia":[{"embeddable":true,"href":"https:\/\/diarioregionaldigital.com.br\/index.php?rest_route=\/wp\/v2\/media\/213452"}],"wp:attachment":[{"href":"https:\/\/diarioregionaldigital.com.br\/index.php?rest_route=%2Fwp%2Fv2%2Fmedia&parent=213451"}],"wp:term":[{"taxonomy":"category","embeddable":true,"href":"https:\/\/diarioregionaldigital.com.br\/index.php?rest_route=%2Fwp%2Fv2%2Fcategories&post=213451"},{"taxonomy":"post_tag","embeddable":true,"href":"https:\/\/diarioregionaldigital.com.br\/index.php?rest_route=%2Fwp%2Fv2%2Ftags&post=213451"}],"curies":[{"name":"wp","href":"https:\/\/api.w.org\/{rel}","templated":true}]}}