{"id":213433,"date":"2023-05-05T09:58:03","date_gmt":"2023-05-05T12:58:03","guid":{"rendered":"https:\/\/diarioregionaldigital.com.br\/?p=213433"},"modified":"2023-05-05T09:58:03","modified_gmt":"2023-05-05T12:58:03","slug":"gilmara-do-rosario-leva-bronze-em-etapa-da-copa-do-mundo-de-ciclismo-na-belgica","status":"publish","type":"post","link":"https:\/\/diarioregionaldigital.com.br\/?p=213433","title":{"rendered":"Gilmara do Ros\u00e1rio leva bronze em etapa da Copa do Mundo de ciclismo na B\u00e9lgica"},"content":{"rendered":"<p>A atleta paulista do ciclismo paral\u00edmpico Gilmara Sol do Ros\u00e1rio, da classe WH2 (atletas que impulsionam bicicletas com os bra\u00e7os), conquistou uma medalha de bronze nesta quinta-feira, 4, na etapa da Copa do Mundo de ciclismo da B\u00e9lgica, disputada em Ostend.<\/p>\n<p>A atleta subiu ao p\u00f3dio na prova contrarrel\u00f3gio com o tempo de 29min45s47, na dist\u00e2ncia de 10,5km. A prova foi vencida pela norte-americana Katerina Brim, que anotou tempo de 18min11s20, enquanto a italiana Roberta Amadeo marcou 21min34s70.<\/p>\n<p>Em abril, Gilmara j\u00e1 havia\u00a0<u><\/u><a href=\"https:\/\/www.cpb.org.br\/noticia\/detalhe\/5105\/gilmara-do-rosario-conquista-seu-segundo-bronze-em-etapa-da-italia-da-copa-do-mundo-de-ciclismo\"><u><strong>conquistado duas medalhas de bronze<\/strong><\/u><\/a>\u00a0na etapa da It\u00e1lia da Copa do Mundo, disputada em Maniago. Ela obteve a terceira coloca\u00e7\u00e3o nas disputas contrarrel\u00f3gio e prova de resist\u00eancia.<\/p>\n<p>Al\u00e9m dela, o medalhista paral\u00edmpico\u00a0<u><\/u><a href=\"https:\/\/www.cpb.org.br\/noticia\/detalhe\/5108\/lauro-chaman-conquista-prata-em-ultimo-dia-de-etapa-da-italia-da-copa-do-mundo-de-ciclismo-andre-grizante-e-bronze\"><u><strong>Lauro Chaman\u00a0<\/strong><\/u><\/a>trouxe da It\u00e1lia uma medalha de ouro na prova contrarrel\u00f3gio e uma prata na prova de resist\u00eancia pela classe MC5 (atletas com bicicletas convencionais). Andr\u00e9 Grizante tamb\u00e9m subiu ao p\u00f3dio ao conquistar o bronze na prova de estrada na classe MC4. Os dois ainda n\u00e3o competiram na etapa da B\u00e9lgica.<\/p>\n<p>As disputas no pa\u00eds seguem at\u00e9 o pr\u00f3ximo domingo, 7. A equipe brasileira de ciclismo que competiu na B\u00e9lgica e na It\u00e1lia conta com\u00a0<a href=\"https:\/\/www.cpb.org.br\/noticia\/detalhe\/5092\/selecao-brasileira-de-ciclismo-tera-25-atletas-em-disputa-de-tres-competicoes-paralimpicas-na-europa\"><u><strong>uma delega\u00e7\u00e3o de 25 atletas<\/strong><\/u><\/a>\u00a0e duas pilotos.<\/p>\n<p><strong>Confira os resultados de brasileiros desta quinta:<\/strong><br \/>\nProvas de contrarrel\u00f3gio<br \/>\nGilmara Rosario &#8211; Classe H2 &#8211; 3\u00ba lugar (bronze)<br \/>\nJady Malavazzi &#8211; Classe H3 &#8211; 9\u00ba lugar<br \/>\nMariana Garcia &#8211; Classe H3 &#8211; 13\u00ba lugar<br \/>\nDave Lemos &#8211; Classe H2 &#8211; 14\u00ba lugar<br \/>\nMauricio Dourado &#8211; Classe H3 &#8211; 39\u00ba lugar<br \/>\nUlisses Freitas &#8211; Classe H4 &#8211; 19\u00ba lugar<br \/>\nRayr Barreto &#8211; Classe H4 &#8211; 22\u00ba lugar<br \/>\nRonan Fonseca &#8211; Classe H5 &#8211; 15\u00ba lugar<br \/>\nMarcos Moura &#8211; Classe H5 &#8211; 16\u00ba lugar<br \/>\nAdriano Matunaga &#8211; Classe T2 &#8211; 15\u00ba lugar<\/p>\n<p><strong>Time S\u00e3o Paulo<\/strong><br \/>\nO atleta Lauro Chaman \u00e9 integrante do Time S\u00e3o Paulo, parceria entre o CPB e a Secretaria de Estado dos Direitos da Pessoa com Defici\u00eancia de S\u00e3o Paulo, que beneficia 106 atletas de 14 modalidades.<\/p>\n<p><span style=\"font-weight: 400;\">Fonte: CPB <\/span><\/p>\n","protected":false},"excerpt":{"rendered":"<p>A atleta paulista do ciclismo paral\u00edmpico Gilmara Sol do Ros\u00e1rio, da classe WH2 (atletas que impulsionam bicicletas com os bra\u00e7os), conquistou uma medalha de bronze nesta quinta-feira, 4, na etapa da Copa do Mundo de ciclismo da B\u00e9lgica, disputada em Ostend. A atleta subiu ao p\u00f3dio na prova contrarrel\u00f3gio com o tempo de 29min45s47, na [&hellip;]<\/p>\n","protected":false},"author":246,"featured_media":213434,"comment_status":"closed","ping_status":"closed","sticky":false,"template":"","format":"standard","meta":{"footnotes":""},"categories":[436,257,439],"tags":[],"class_list":["post-213433","post","type-post","status-publish","format-standard","has-post-thumbnail","hentry","category-destaque-da-semana","category-esporte","category-ultima-hora"],"_links":{"self":[{"href":"https:\/\/diarioregionaldigital.com.br\/index.php?rest_route=\/wp\/v2\/posts\/213433","targetHints":{"allow":["GET"]}}],"collection":[{"href":"https:\/\/diarioregionaldigital.com.br\/index.php?rest_route=\/wp\/v2\/posts"}],"about":[{"href":"https:\/\/diarioregionaldigital.com.br\/index.php?rest_route=\/wp\/v2\/types\/post"}],"author":[{"embeddable":true,"href":"https:\/\/diarioregionaldigital.com.br\/index.php?rest_route=\/wp\/v2\/users\/246"}],"replies":[{"embeddable":true,"href":"https:\/\/diarioregionaldigital.com.br\/index.php?rest_route=%2Fwp%2Fv2%2Fcomments&post=213433"}],"version-history":[{"count":1,"href":"https:\/\/diarioregionaldigital.com.br\/index.php?rest_route=\/wp\/v2\/posts\/213433\/revisions"}],"predecessor-version":[{"id":213435,"href":"https:\/\/diarioregionaldigital.com.br\/index.php?rest_route=\/wp\/v2\/posts\/213433\/revisions\/213435"}],"wp:featuredmedia":[{"embeddable":true,"href":"https:\/\/diarioregionaldigital.com.br\/index.php?rest_route=\/wp\/v2\/media\/213434"}],"wp:attachment":[{"href":"https:\/\/diarioregionaldigital.com.br\/index.php?rest_route=%2Fwp%2Fv2%2Fmedia&parent=213433"}],"wp:term":[{"taxonomy":"category","embeddable":true,"href":"https:\/\/diarioregionaldigital.com.br\/index.php?rest_route=%2Fwp%2Fv2%2Fcategories&post=213433"},{"taxonomy":"post_tag","embeddable":true,"href":"https:\/\/diarioregionaldigital.com.br\/index.php?rest_route=%2Fwp%2Fv2%2Ftags&post=213433"}],"curies":[{"name":"wp","href":"https:\/\/api.w.org\/{rel}","templated":true}]}}