{"id":213421,"date":"2023-05-05T09:50:59","date_gmt":"2023-05-05T12:50:59","guid":{"rendered":"https:\/\/diarioregionaldigital.com.br\/?p=213421"},"modified":"2023-05-05T09:50:59","modified_gmt":"2023-05-05T12:50:59","slug":"stf-forma-maioria-para-derrubar-indulto-de-daniel-silveira","status":"publish","type":"post","link":"https:\/\/diarioregionaldigital.com.br\/?p=213421","title":{"rendered":"STF forma maioria para derrubar indulto de Daniel Silveira"},"content":{"rendered":"<p>A maioria dos ministros do Supremo Tribunal Federal (STF) decidiu hoje (4) derrubar a validade do indulto de gra\u00e7a constitucional concedido pelo ex-presidente Jair Bolsonaro ao ent\u00e3o deputado federal Daniel Silveira.<\/p>\n<p>At\u00e9 o momento, seis dos dez ministros entenderam que houve desvio de finalidade\u00a0para beneficiar o ex-deputado. H\u00e1 dois votos pela manuten\u00e7\u00e3o do indulto.<\/p>\n<p>A maioria seguiu o\u00a0<a href=\"https:\/\/agenciabrasil.ebc.com.br\/justica\/noticia\/2023-05\/rosa-weber-vota-por-anulacao-de-decreto-que-beneficiou-daniel-silveira\" target=\"_blank\" rel=\"noopener\">voto proferido ontem (3) pela presidente da Corte e relatora dos processos, ministra Rosa Weber<\/a>, para anular o benef\u00edcio.<\/p>\n<p>Al\u00e9m da ministra, o entendimento foi seguido pelos ministros Alexandre de Moraes, Edson Fachin, Lu\u00eds Roberto Barroso, Dias Toffoli e C\u00e1rmen L\u00facia.<\/p>\n<p>Em seu voto, Barroso rebateu as acusa\u00e7\u00f5es de que a condena\u00e7\u00e3o de Silveira foi desproporcional. Para o ministro, a conduta do ex-parlamentar n\u00e3o se enquadra na liberdade de express\u00e3o.<\/p>\n<p>&#8220;N\u00e3o podemos confundir liberdade de express\u00e3o com incita\u00e7\u00e3o ao crime e convoca\u00e7\u00e3o para a invas\u00e3o f\u00edsica do pr\u00e9dio das institui\u00e7\u00f5es e para agress\u00e3o f\u00edsica de seus integrantes. N\u00e3o podemos indultar esse tipo de comportamento&#8221;, afirmou.<\/p>\n<p>No in\u00edcio da sess\u00e3o de hoje, os\u00a0<a href=\"https:\/\/agenciabrasil.ebc.com.br\/justica\/noticia\/2023-05\/ministro-andre-mendonca-vota-para-manter-indulto-daniel-silveira\" target=\"_blank\" rel=\"noopener\">ministros Andr\u00e9 Mendon\u00e7a e Nunes Marques votaram para validar o indulto<\/a>. Para os ministros, a Constitui\u00e7\u00e3o concedeu ao presidente da Rep\u00fablica o poder de concess\u00e3o de gra\u00e7a constitucional a condenados, medida que n\u00e3o poder ser revista pelo Judici\u00e1rio.<\/p>\n<p>A sess\u00e3o foi encerrada e volta na pr\u00f3xima quarta-feira (10).<\/p>\n<h2>Entenda<\/h2>\n<p>Em maio do ano passado, Bolsonaro assinou um decreto concedendo o perd\u00e3o da pena ao ex-deputado federal Daniel Silveira (PTB-RJ), que tinha sido condenado pelo Supremo a 8 anos e 9 meses de pris\u00e3o pelos crimes de tentativa de impedir o livre exerc\u00edcio dos poderes e coa\u00e7\u00e3o no curso do processo a que responde por ataques \u00e0 Corte. Apoiador de Bolsonaro, Silveira fazia parte da base do ex-presidente na C\u00e2mara dos Deputados.<\/p>\n<p>O decreto de indulto foi editado em 21 de abril, um dia ap\u00f3s a condena\u00e7\u00e3o do parlamentar.<\/p>\n<p>Em fevereiro, ap\u00f3s deixar o mandato, Silveira foi preso por descumprir regras da deten\u00e7\u00e3o domiciliar e fazer novos ataques ao Supremo.<\/p>\n<p><span style=\"font-weight: 400;\">Fonte: Ag\u00eancia Brasil <\/span><\/p>\n","protected":false},"excerpt":{"rendered":"<p>A maioria dos ministros do Supremo Tribunal Federal (STF) decidiu hoje (4) derrubar a validade do indulto de gra\u00e7a constitucional concedido pelo ex-presidente Jair Bolsonaro ao ent\u00e3o deputado federal Daniel Silveira. At\u00e9 o momento, seis dos dez ministros entenderam que houve desvio de finalidade\u00a0para beneficiar o ex-deputado. H\u00e1 dois votos pela manuten\u00e7\u00e3o do indulto. A [&hellip;]<\/p>\n","protected":false},"author":246,"featured_media":213422,"comment_status":"closed","ping_status":"closed","sticky":false,"template":"","format":"standard","meta":{"footnotes":""},"categories":[436,254,439],"tags":[],"class_list":["post-213421","post","type-post","status-publish","format-standard","has-post-thumbnail","hentry","category-destaque-da-semana","category-politica","category-ultima-hora"],"_links":{"self":[{"href":"https:\/\/diarioregionaldigital.com.br\/index.php?rest_route=\/wp\/v2\/posts\/213421","targetHints":{"allow":["GET"]}}],"collection":[{"href":"https:\/\/diarioregionaldigital.com.br\/index.php?rest_route=\/wp\/v2\/posts"}],"about":[{"href":"https:\/\/diarioregionaldigital.com.br\/index.php?rest_route=\/wp\/v2\/types\/post"}],"author":[{"embeddable":true,"href":"https:\/\/diarioregionaldigital.com.br\/index.php?rest_route=\/wp\/v2\/users\/246"}],"replies":[{"embeddable":true,"href":"https:\/\/diarioregionaldigital.com.br\/index.php?rest_route=%2Fwp%2Fv2%2Fcomments&post=213421"}],"version-history":[{"count":1,"href":"https:\/\/diarioregionaldigital.com.br\/index.php?rest_route=\/wp\/v2\/posts\/213421\/revisions"}],"predecessor-version":[{"id":213423,"href":"https:\/\/diarioregionaldigital.com.br\/index.php?rest_route=\/wp\/v2\/posts\/213421\/revisions\/213423"}],"wp:featuredmedia":[{"embeddable":true,"href":"https:\/\/diarioregionaldigital.com.br\/index.php?rest_route=\/wp\/v2\/media\/213422"}],"wp:attachment":[{"href":"https:\/\/diarioregionaldigital.com.br\/index.php?rest_route=%2Fwp%2Fv2%2Fmedia&parent=213421"}],"wp:term":[{"taxonomy":"category","embeddable":true,"href":"https:\/\/diarioregionaldigital.com.br\/index.php?rest_route=%2Fwp%2Fv2%2Fcategories&post=213421"},{"taxonomy":"post_tag","embeddable":true,"href":"https:\/\/diarioregionaldigital.com.br\/index.php?rest_route=%2Fwp%2Fv2%2Ftags&post=213421"}],"curies":[{"name":"wp","href":"https:\/\/api.w.org\/{rel}","templated":true}]}}