{"id":213415,"date":"2023-05-05T09:48:20","date_gmt":"2023-05-05T12:48:20","guid":{"rendered":"https:\/\/diarioregionaldigital.com.br\/?p=213415"},"modified":"2023-05-05T09:48:20","modified_gmt":"2023-05-05T12:48:20","slug":"acao-sobre-punicao-por-ilegalidades-nas-redes-pode-ser-julgada-no-stf","status":"publish","type":"post","link":"https:\/\/diarioregionaldigital.com.br\/?p=213415","title":{"rendered":"A\u00e7\u00e3o sobre puni\u00e7\u00e3o por ilegalidades nas redes pode ser julgada no STF"},"content":{"rendered":"<p>O ministro Dias Toffoli, do Supremo Tribunal Federal (STF), liberou, nesta quinta-feira (4), para julgamento uma a\u00e7\u00e3o que trata sobre as regras definidas no Marco Civil da Internet para responsabilizar os provedores que atuam na rede mundial.<\/p>\n<p>A libera\u00e7\u00e3o do caso para julgamento ocorreu dois dias ap\u00f3s o\u00a0<a href=\"https:\/\/agenciabrasil.ebc.com.br\/politica\/noticia\/2023-05\/arthur-lira-retira-de-pauta-votacao-do-pl-das-fake-news\" target=\"_blank\" rel=\"noopener\">adiamento<\/a>, no Congresso Nacional, da vota\u00e7\u00e3o do projeto de lei que trata do combate \u00e0s fake news e regulamenta as redes sociais.<\/p>\n<p>A data para an\u00e1lise do processo depender\u00e1 de defini\u00e7\u00e3o da presidente do Supremo, ministra Rosa Weber, a quem cabe a defini\u00e7\u00e3o da pauta de julgamentos da Corte.<\/p>\n<p>Na a\u00e7\u00e3o relatada por Dias Toffoli, o tribunal vai julgar a constitucionalidade da regra do Marco Civil da Internet (Lei 12.965\/2014) que exige ordem judicial pr\u00e9via para responsabiliza\u00e7\u00e3o dos provedores por atos il\u00edcitos.<\/p>\n<p>A mat\u00e9ria foi discutida em uma audi\u00eancia p\u00fablica convocada em mar\u00e7o pelo Supremo.<\/p>\n<p><span style=\"font-weight: 400;\">Fonte: Ag\u00eancia Brasil <\/span><\/p>\n","protected":false},"excerpt":{"rendered":"<p>O ministro Dias Toffoli, do Supremo Tribunal Federal (STF), liberou, nesta quinta-feira (4), para julgamento uma a\u00e7\u00e3o que trata sobre as regras definidas no Marco Civil da Internet para responsabilizar os provedores que atuam na rede mundial. A libera\u00e7\u00e3o do caso para julgamento ocorreu dois dias ap\u00f3s o\u00a0adiamento, no Congresso Nacional, da vota\u00e7\u00e3o do projeto [&hellip;]<\/p>\n","protected":false},"author":246,"featured_media":213416,"comment_status":"closed","ping_status":"closed","sticky":false,"template":"","format":"standard","meta":{"footnotes":""},"categories":[436,254,439],"tags":[],"class_list":["post-213415","post","type-post","status-publish","format-standard","has-post-thumbnail","hentry","category-destaque-da-semana","category-politica","category-ultima-hora"],"_links":{"self":[{"href":"https:\/\/diarioregionaldigital.com.br\/index.php?rest_route=\/wp\/v2\/posts\/213415","targetHints":{"allow":["GET"]}}],"collection":[{"href":"https:\/\/diarioregionaldigital.com.br\/index.php?rest_route=\/wp\/v2\/posts"}],"about":[{"href":"https:\/\/diarioregionaldigital.com.br\/index.php?rest_route=\/wp\/v2\/types\/post"}],"author":[{"embeddable":true,"href":"https:\/\/diarioregionaldigital.com.br\/index.php?rest_route=\/wp\/v2\/users\/246"}],"replies":[{"embeddable":true,"href":"https:\/\/diarioregionaldigital.com.br\/index.php?rest_route=%2Fwp%2Fv2%2Fcomments&post=213415"}],"version-history":[{"count":1,"href":"https:\/\/diarioregionaldigital.com.br\/index.php?rest_route=\/wp\/v2\/posts\/213415\/revisions"}],"predecessor-version":[{"id":213417,"href":"https:\/\/diarioregionaldigital.com.br\/index.php?rest_route=\/wp\/v2\/posts\/213415\/revisions\/213417"}],"wp:featuredmedia":[{"embeddable":true,"href":"https:\/\/diarioregionaldigital.com.br\/index.php?rest_route=\/wp\/v2\/media\/213416"}],"wp:attachment":[{"href":"https:\/\/diarioregionaldigital.com.br\/index.php?rest_route=%2Fwp%2Fv2%2Fmedia&parent=213415"}],"wp:term":[{"taxonomy":"category","embeddable":true,"href":"https:\/\/diarioregionaldigital.com.br\/index.php?rest_route=%2Fwp%2Fv2%2Fcategories&post=213415"},{"taxonomy":"post_tag","embeddable":true,"href":"https:\/\/diarioregionaldigital.com.br\/index.php?rest_route=%2Fwp%2Fv2%2Ftags&post=213415"}],"curies":[{"name":"wp","href":"https:\/\/api.w.org\/{rel}","templated":true}]}}