{"id":213409,"date":"2023-05-05T09:43:53","date_gmt":"2023-05-05T12:43:53","guid":{"rendered":"https:\/\/diarioregionaldigital.com.br\/?p=213409"},"modified":"2023-05-05T09:43:53","modified_gmt":"2023-05-05T12:43:53","slug":"programa-quer-ampliar-numero-servidores-negros-em-postos-de-lideranca","status":"publish","type":"post","link":"https:\/\/diarioregionaldigital.com.br\/?p=213409","title":{"rendered":"Programa quer ampliar n\u00famero servidores negros em postos de lideran\u00e7a"},"content":{"rendered":"<p>O governo federal lan\u00e7ou nesta quinta-feira (5) um programa de capacita\u00e7\u00e3o dos servidores para o combate ao racismo estrutural no servi\u00e7o p\u00fablico e tamb\u00e9m para ampliar a ocupa\u00e7\u00e3o de cargos de lideran\u00e7a por gestores negros.<\/p>\n<p>Chamado de\u00a0<em>Forma\u00e7\u00e3o de Iniciativas Antirracistas (Fiar): tecendo o caminho para a igualdade racial<\/em>, o programa prev\u00ea cursos sobre as reservas de vagas para gestores pretos ou pardos e avalia\u00e7\u00e3o da\u00a0<a href=\"https:\/\/www.planalto.gov.br\/ccivil_03\/_ato2011-2014\/2014\/lei\/l12990.htm\" target=\"_blank\" rel=\"noopener\">Lei 12.990<\/a>, que destina 20% das vagas dos concursos p\u00fablicos na administra\u00e7\u00e3o p\u00fablica federal para profissionais negros.<\/p>\n<p>As a\u00e7\u00f5es, de curto a longo prazo, ser\u00e3o desenvolvidas pela Escola Nacional de Administra\u00e7\u00e3o P\u00fablica (Enap) em parceria com o Minist\u00e9rio da Igualdade Racial. De acordo com a presidente da Enap, Bet\u00e2nia Lemos, algumas iniciativas come\u00e7am ainda neste semestre, como uma turma exclusiva de servidores negros em capacita\u00e7\u00e3o de lideran\u00e7a e outra para mulheres negras.<\/p>\n<p>Outras metas s\u00e3o desenvolver capacidades de atua\u00e7\u00e3o de servidores no enfrentamento ao racismo, inserir a quest\u00e3o de ra\u00e7a nos programas de capacita\u00e7\u00e3o e forma\u00e7\u00e3o de servidores e realizar pesquisas e coleta de dados para o combate \u00e0s desigualdades de g\u00eanero e ra\u00e7a no pa\u00eds.<\/p>\n<div class=\"dnd-widget-wrapper context-grande_6colunas type-image atom-align-right\">\n<div class=\"dnd-atom-rendered\">\n<div class=\"shadow overflow-hidden rounded-lg d-block zoom-on-hover-sm shadow-hover w-100\"><img decoding=\"async\" class=\"flex-fill img-cover\" title=\"Wilson Dias\" src=\"https:\/\/imagens.ebc.com.br\/wwNMvOHmmhW_--Zyrr2nI29lxRw=\/463x0\/smart\/https:\/\/agenciabrasil.ebc.com.br\/sites\/default\/files\/thumbnails\/image\/img_5052.jpg?itok=oK4KyktL\" alt=\"Bras\u00edlia (DF), 04\/05\/2023 - Ministros Anielle Franco, da Igualdade Racial,  Esther Dweck, de Gest\u00e3o e Inova\u00e7\u00e3o de Servi\u00e7os P\u00fablicos e  Silvio Almeida,  dos Direitos Humanos participam do lan\u00e7amento do programa \u201cForma\u00e7\u00e3o de Iniciativas Antirracistas (Fiar): tecendo o caminho para a igualdade racial\u201d, na Escola Nacional de Administra\u00e7\u00e3o P\u00fablica (Enap). Foto: Wilson Dias\/ Ag\u00eancia Brasil.\" \/><\/div>\n<\/div>\n<div class=\"dnd-caption-wrapper\">\n<h6 class=\"meta\">Bras\u00edlia (DF), 04\/05\/2023 &#8211; Ministros Anielle Franco, da Igualdade Racial, Esther Dweck, de Gest\u00e3o e Inova\u00e7\u00e3o de Servi\u00e7os P\u00fablicos e Silvio Almeida, dos Direitos Humanos participam do lan\u00e7amento do programa \u201cForma\u00e7\u00e3o de Iniciativas Antirracistas (Fiar): tecendo o caminho para a igualdade racial\u201d, na Escola Nacional de Administra\u00e7\u00e3o P\u00fablica (Enap). Foto: Wilson Dias\/ Ag\u00eancia Brasil<\/h6>\n<\/div>\n<\/div>\n<p>A ministra da Igualdade Racial, Anielle Franco, destacou que o Fiar prop\u00f5e cursos para carreiras espec\u00edficas, como gest\u00e3o de pessoas, visando reduzir as disparidades raciais dentro do servi\u00e7o p\u00fablico. \u201cNa medida em que os trabalhadores e trabalhadoras que se relacionam com a sociedade tomam consci\u00eancia e aprendem a agir para promo\u00e7\u00e3o da igualdade racial, haver\u00e1 uma mudan\u00e7a lenta, por\u00e9m constante nas rela\u00e7\u00f5es sociais que estabelecemos\u201d.<\/p>\n<p>De acordo com a Enap, do total de 602 mil servidores p\u00fablicos federais ativos, apenas 36,88%, o equivalente a 222 mil, s\u00e3o pretos ou pardos.<\/p>\n<p>Para o ministro dos Direitos Humanos e Cidadania, Silvio Almeida, o programa propiciar\u00e1 que especialistas do servi\u00e7o p\u00fablico passem a entender a import\u00e2ncia da ra\u00e7a na estrutura da administra\u00e7\u00e3o p\u00fablica e vice-versa.<\/p>\n<p>\u201cEsse projeto de forma\u00e7\u00e3o antirracista d\u00e1 oportunidade para que fa\u00e7amos essa rela\u00e7\u00e3o, que \u00e9 t\u00e3o dif\u00edcil de ser feita. Exige, primeiro, daqueles que s\u00f3 estudam administra\u00e7\u00e3o p\u00fablica entendam de ra\u00e7a. Mas tamb\u00e9m exige daqueles que estudam ra\u00e7a que eles entendam tamb\u00e9m o funcionamento da administra\u00e7\u00e3o p\u00fablica e suas peculiaridades\u201d, disse.<\/p>\n<p>\u201cNossa possibilidade de superar o racismo passa necessariamente pela constru\u00e7\u00e3o de um novo modelo da administra\u00e7\u00e3o p\u00fablica, sem o qual isso n\u00e3o ser\u00e1 poss\u00edvel\u201d, acrescentou.<\/p>\n<h2>Reserva em concursos p\u00fablicos<\/h2>\n<p>A ministra da Gest\u00e3o e Inova\u00e7\u00e3o em Servi\u00e7os P\u00fablicos, Esther Dweck, informou que est\u00e1 em andamento a constru\u00e7\u00e3o de minuta para nova lei de reserva nos concursos p\u00fablicos. A lei atual, a 12.990\/2014, perde a validade no pr\u00f3ximo ano, ap\u00f3s dez anos de vig\u00eancia.<\/p>\n<p>\u201cEstamos vendo o que pode ser melhorado em rela\u00e7\u00e3o ao projeto anterior, ver as brechas, entender por que em algumas \u00e1reas \u00e9 mais dif\u00edcil o preenchimento das cotas. N\u00e3o ser\u00e1 simplesmente replicar o que j\u00e1 foi feito. Estamos em um processo para apresentar um projeto que seja debatido com a sociedade, seja defendido pela sociedade e tenha pouca dificuldade de aprova\u00e7\u00e3o no Congresso\u201d, afirmou.<\/p>\n<p><span style=\"font-weight: 400;\">Fonte: Ag\u00eancia Brasil\u00a0<\/span><span style=\"font-weight: 400;\"><br \/>\n<\/span><\/p>\n","protected":false},"excerpt":{"rendered":"<p>O governo federal lan\u00e7ou nesta quinta-feira (5) um programa de capacita\u00e7\u00e3o dos servidores para o combate ao racismo estrutural no servi\u00e7o p\u00fablico e tamb\u00e9m para ampliar a ocupa\u00e7\u00e3o de cargos de lideran\u00e7a por gestores negros. Chamado de\u00a0Forma\u00e7\u00e3o de Iniciativas Antirracistas (Fiar): tecendo o caminho para a igualdade racial, o programa prev\u00ea cursos sobre as reservas [&hellip;]<\/p>\n","protected":false},"author":246,"featured_media":213410,"comment_status":"closed","ping_status":"closed","sticky":false,"template":"","format":"standard","meta":{"footnotes":""},"categories":[436,261,439],"tags":[],"class_list":["post-213409","post","type-post","status-publish","format-standard","has-post-thumbnail","hentry","category-destaque-da-semana","category-economia","category-ultima-hora"],"_links":{"self":[{"href":"https:\/\/diarioregionaldigital.com.br\/index.php?rest_route=\/wp\/v2\/posts\/213409","targetHints":{"allow":["GET"]}}],"collection":[{"href":"https:\/\/diarioregionaldigital.com.br\/index.php?rest_route=\/wp\/v2\/posts"}],"about":[{"href":"https:\/\/diarioregionaldigital.com.br\/index.php?rest_route=\/wp\/v2\/types\/post"}],"author":[{"embeddable":true,"href":"https:\/\/diarioregionaldigital.com.br\/index.php?rest_route=\/wp\/v2\/users\/246"}],"replies":[{"embeddable":true,"href":"https:\/\/diarioregionaldigital.com.br\/index.php?rest_route=%2Fwp%2Fv2%2Fcomments&post=213409"}],"version-history":[{"count":1,"href":"https:\/\/diarioregionaldigital.com.br\/index.php?rest_route=\/wp\/v2\/posts\/213409\/revisions"}],"predecessor-version":[{"id":213411,"href":"https:\/\/diarioregionaldigital.com.br\/index.php?rest_route=\/wp\/v2\/posts\/213409\/revisions\/213411"}],"wp:featuredmedia":[{"embeddable":true,"href":"https:\/\/diarioregionaldigital.com.br\/index.php?rest_route=\/wp\/v2\/media\/213410"}],"wp:attachment":[{"href":"https:\/\/diarioregionaldigital.com.br\/index.php?rest_route=%2Fwp%2Fv2%2Fmedia&parent=213409"}],"wp:term":[{"taxonomy":"category","embeddable":true,"href":"https:\/\/diarioregionaldigital.com.br\/index.php?rest_route=%2Fwp%2Fv2%2Fcategories&post=213409"},{"taxonomy":"post_tag","embeddable":true,"href":"https:\/\/diarioregionaldigital.com.br\/index.php?rest_route=%2Fwp%2Fv2%2Ftags&post=213409"}],"curies":[{"name":"wp","href":"https:\/\/api.w.org\/{rel}","templated":true}]}}