{"id":213403,"date":"2023-05-05T09:42:29","date_gmt":"2023-05-05T12:42:29","guid":{"rendered":"https:\/\/diarioregionaldigital.com.br\/?p=213403"},"modified":"2023-05-05T09:42:29","modified_gmt":"2023-05-05T12:42:29","slug":"pf-faz-nova-fase-de-operacao-contra-fraudes-envolvendo-criptomoedas","status":"publish","type":"post","link":"https:\/\/diarioregionaldigital.com.br\/?p=213403","title":{"rendered":"PF faz nova fase de opera\u00e7\u00e3o contra fraudes envolvendo criptomoedas"},"content":{"rendered":"<p>Policiais federais cumpriram nesta semana 12 mandados de busca e apreens\u00e3o na s\u00e9tima fase da Opera\u00e7\u00e3o Kryptos, que investiga crimes contra o sistema financeiro nacional atrav\u00e9s de criptomoedas. Os mandados, expedidos pela 3\u00aa Vara Federal Criminal do Rio de Janeiro foram cumpridos em S\u00e3o Paulo, na capital fluminense e nas cidades de S\u00e3o Pedro da Aldeia e Cabo Frio (ambas na Regi\u00e3o dos Lagos do estado do Rio).<\/p>\n<p>Segundo a Pol\u00edcia Federal (PF), esta fase da a\u00e7\u00e3o teve como foco a apreens\u00e3o de carros e motos de luxo pertencente aos investigados na Opera\u00e7\u00e3o Kryptos. A soma dos valores dos bens ultrapassa os R$ 3 milh\u00f5es. O objetivo da apreens\u00e3o \u00e9 evitar que os ve\u00edculos sejam transferidos para outras pessoas, como aconteceu com parte da frota apreendida em agosto de 2021.<\/p>\n<p>\u201cA atua\u00e7\u00e3o da Pol\u00edcia Federal evitou a dissipa\u00e7\u00e3o do patrim\u00f4nio dos investigados e deu seguimento ao trabalho de descapitaliza\u00e7\u00e3o da organiza\u00e7\u00e3o criminosa em quest\u00e3o, alvo da Opera\u00e7\u00e3o Kryptos e de todas as a\u00e7\u00f5es instauradas em seu desdobramento\u201d, informa nota da PF.<\/p>\n<p>De acordo com a PF, os investigados respondem pelos crimes de opera\u00e7\u00e3o sem autoriza\u00e7\u00e3o de institui\u00e7\u00e3o financeira, gest\u00e3o fraudulenta, organiza\u00e7\u00e3o criminosa e apropria\u00e7\u00e3o ind\u00e9bita.<\/p>\n<p><span style=\"font-weight: 400;\">Fonte: Ag\u00eancia Brasil <\/span><\/p>\n","protected":false},"excerpt":{"rendered":"<p>Policiais federais cumpriram nesta semana 12 mandados de busca e apreens\u00e3o na s\u00e9tima fase da Opera\u00e7\u00e3o Kryptos, que investiga crimes contra o sistema financeiro nacional atrav\u00e9s de criptomoedas. Os mandados, expedidos pela 3\u00aa Vara Federal Criminal do Rio de Janeiro foram cumpridos em S\u00e3o Paulo, na capital fluminense e nas cidades de S\u00e3o Pedro da [&hellip;]<\/p>\n","protected":false},"author":246,"featured_media":213405,"comment_status":"closed","ping_status":"closed","sticky":false,"template":"","format":"standard","meta":{"footnotes":""},"categories":[436,261,439],"tags":[],"class_list":["post-213403","post","type-post","status-publish","format-standard","has-post-thumbnail","hentry","category-destaque-da-semana","category-economia","category-ultima-hora"],"_links":{"self":[{"href":"https:\/\/diarioregionaldigital.com.br\/index.php?rest_route=\/wp\/v2\/posts\/213403","targetHints":{"allow":["GET"]}}],"collection":[{"href":"https:\/\/diarioregionaldigital.com.br\/index.php?rest_route=\/wp\/v2\/posts"}],"about":[{"href":"https:\/\/diarioregionaldigital.com.br\/index.php?rest_route=\/wp\/v2\/types\/post"}],"author":[{"embeddable":true,"href":"https:\/\/diarioregionaldigital.com.br\/index.php?rest_route=\/wp\/v2\/users\/246"}],"replies":[{"embeddable":true,"href":"https:\/\/diarioregionaldigital.com.br\/index.php?rest_route=%2Fwp%2Fv2%2Fcomments&post=213403"}],"version-history":[{"count":2,"href":"https:\/\/diarioregionaldigital.com.br\/index.php?rest_route=\/wp\/v2\/posts\/213403\/revisions"}],"predecessor-version":[{"id":213407,"href":"https:\/\/diarioregionaldigital.com.br\/index.php?rest_route=\/wp\/v2\/posts\/213403\/revisions\/213407"}],"wp:featuredmedia":[{"embeddable":true,"href":"https:\/\/diarioregionaldigital.com.br\/index.php?rest_route=\/wp\/v2\/media\/213405"}],"wp:attachment":[{"href":"https:\/\/diarioregionaldigital.com.br\/index.php?rest_route=%2Fwp%2Fv2%2Fmedia&parent=213403"}],"wp:term":[{"taxonomy":"category","embeddable":true,"href":"https:\/\/diarioregionaldigital.com.br\/index.php?rest_route=%2Fwp%2Fv2%2Fcategories&post=213403"},{"taxonomy":"post_tag","embeddable":true,"href":"https:\/\/diarioregionaldigital.com.br\/index.php?rest_route=%2Fwp%2Fv2%2Ftags&post=213403"}],"curies":[{"name":"wp","href":"https:\/\/api.w.org\/{rel}","templated":true}]}}