{"id":213375,"date":"2023-05-05T00:18:29","date_gmt":"2023-05-05T03:18:29","guid":{"rendered":"https:\/\/diarioregionaldigital.com.br\/?p=213375"},"modified":"2023-05-05T00:18:29","modified_gmt":"2023-05-05T03:18:29","slug":"ceara-vence-nos-penaltis-para-ficar-com-titulo-da-copa-do-nordeste","status":"publish","type":"post","link":"https:\/\/diarioregionaldigital.com.br\/?p=213375","title":{"rendered":"Cear\u00e1 vence nos p\u00eanaltis para ficar com t\u00edtulo da Copa do Nordeste"},"content":{"rendered":"<p>Contando com o brilho do goleiro Richard, o Cear\u00e1 superou o Sport por 4 a 2 na disputa de p\u00eanaltis (ap\u00f3s derrota de 1 a 0 nos 90 minutos) para conquistar o t\u00edtulo da edi\u00e7\u00e3o 2023 da Copa do Nordeste, na noite desta quarta-feira (3) na Ilha do Retiro, em Recife, na partida de volta da decis\u00e3o. O t\u00edtulo ficou com o Voz\u00e3o, que, na ida da final, triunfou por 2 a 1 no est\u00e1dio do Castel\u00e3o.<\/p>\n<p>Esta \u00e9 a terceira oportunidade na qual a equipe cearense fica com o t\u00edtulo da competi\u00e7\u00e3o regional, ap\u00f3s vencer em 2015 e em 2020.<\/p>\n<p>Apoiado por uma Ilha do Retiro lotada o Sport foi o dono do primeiro tempo. J\u00e1 o Cear\u00e1 teve que lidar com um desfalque ainda aos 20 minutos, quando Willian Formiga se lesionou e teve ser substitu\u00eddo por Danilo Barcelos.<\/p>\n<p>E o gol do Le\u00e3o teve participa\u00e7\u00e3o direta do lateral reserva do Voz\u00e3o. Aos 26 minutos a bola foi lan\u00e7ada na \u00e1rea e Danilo Barcelos cortou parcialmente, permitindo que Luciano Juba chegasse com liberdade para chutar e superar o goleiro Richard. Com este gol o meio-campista do Sport se tornou um dos artilheiros da competi\u00e7\u00e3o com seis gols, ao lado do argentino Lucero, do Fortaleza.<\/p>\n<p>Com a inten\u00e7\u00e3o de decidir a final nos 90 minutos, o Le\u00e3o partiu em busca do segundo gol, mas esbarrou em um Cear\u00e1 que se mostrou muito corajoso para segurar o resultado at\u00e9 o apito final. Desta forma, a competi\u00e7\u00e3o foi decidida nas penalidades m\u00e1ximas.<\/p>\n<p>E, na disputa de p\u00eanaltis, o goleiro Richard foi decisivo ao defender as cobran\u00e7as de Luciano Juba e de Gabriel Santos para garantir a vit\u00f3ria final do Cear\u00e1 de 4 a 2.<\/p>\n<p><span style=\"font-weight: 400;\">Fonte: Ag\u00eancia Brasil <\/span><\/p>\n","protected":false},"excerpt":{"rendered":"<p>Contando com o brilho do goleiro Richard, o Cear\u00e1 superou o Sport por 4 a 2 na disputa de p\u00eanaltis (ap\u00f3s derrota de 1 a 0 nos 90 minutos) para conquistar o t\u00edtulo da edi\u00e7\u00e3o 2023 da Copa do Nordeste, na noite desta quarta-feira (3) na Ilha do Retiro, em Recife, na partida de volta [&hellip;]<\/p>\n","protected":false},"author":246,"featured_media":213376,"comment_status":"closed","ping_status":"closed","sticky":false,"template":"","format":"standard","meta":{"footnotes":""},"categories":[436,257,439],"tags":[],"class_list":["post-213375","post","type-post","status-publish","format-standard","has-post-thumbnail","hentry","category-destaque-da-semana","category-esporte","category-ultima-hora"],"_links":{"self":[{"href":"https:\/\/diarioregionaldigital.com.br\/index.php?rest_route=\/wp\/v2\/posts\/213375","targetHints":{"allow":["GET"]}}],"collection":[{"href":"https:\/\/diarioregionaldigital.com.br\/index.php?rest_route=\/wp\/v2\/posts"}],"about":[{"href":"https:\/\/diarioregionaldigital.com.br\/index.php?rest_route=\/wp\/v2\/types\/post"}],"author":[{"embeddable":true,"href":"https:\/\/diarioregionaldigital.com.br\/index.php?rest_route=\/wp\/v2\/users\/246"}],"replies":[{"embeddable":true,"href":"https:\/\/diarioregionaldigital.com.br\/index.php?rest_route=%2Fwp%2Fv2%2Fcomments&post=213375"}],"version-history":[{"count":1,"href":"https:\/\/diarioregionaldigital.com.br\/index.php?rest_route=\/wp\/v2\/posts\/213375\/revisions"}],"predecessor-version":[{"id":213377,"href":"https:\/\/diarioregionaldigital.com.br\/index.php?rest_route=\/wp\/v2\/posts\/213375\/revisions\/213377"}],"wp:featuredmedia":[{"embeddable":true,"href":"https:\/\/diarioregionaldigital.com.br\/index.php?rest_route=\/wp\/v2\/media\/213376"}],"wp:attachment":[{"href":"https:\/\/diarioregionaldigital.com.br\/index.php?rest_route=%2Fwp%2Fv2%2Fmedia&parent=213375"}],"wp:term":[{"taxonomy":"category","embeddable":true,"href":"https:\/\/diarioregionaldigital.com.br\/index.php?rest_route=%2Fwp%2Fv2%2Fcategories&post=213375"},{"taxonomy":"post_tag","embeddable":true,"href":"https:\/\/diarioregionaldigital.com.br\/index.php?rest_route=%2Fwp%2Fv2%2Ftags&post=213375"}],"curies":[{"name":"wp","href":"https:\/\/api.w.org\/{rel}","templated":true}]}}