{"id":213368,"date":"2023-05-05T00:14:43","date_gmt":"2023-05-05T03:14:43","guid":{"rendered":"https:\/\/diarioregionaldigital.com.br\/?p=213368"},"modified":"2023-05-05T00:14:43","modified_gmt":"2023-05-05T03:14:43","slug":"rio-de-janeiro-sediara-pre-olimpico-de-tiro-esportivo-em-abril-de-2024","status":"publish","type":"post","link":"https:\/\/diarioregionaldigital.com.br\/?p=213368","title":{"rendered":"Rio de Janeiro sediar\u00e1 Pr\u00e9-Ol\u00edmpico de tiro esportivo em abril de 2024"},"content":{"rendered":"<p>A cidade do Rio de Janeiro receber\u00e1 a \u00faltima seletiva de tiro esportivo para a Olimp\u00edada de Paris 2024, organizada pela Federa\u00e7\u00e3o Internacional (ISSF, na sigla em ingl\u00eas). A competi\u00e7\u00e3o com provas de rifle e pistola ocorrer\u00e1 de 11 a 19 de abril, no Centro Militar de Tiro Esportivo (CMTE), em Deodoro, na zona oeste da capital fluminense, onde ocorreram as disputas da Rio 2016 \u2013 na ocasi\u00e3o o paulista Felipe Wu fez hist\u00f3ria ao conquistar a prata na pistola de ar de 10 metros, ap\u00f3s um jejum de 96 anos.<\/p>\n<p>Antes do Pr\u00e9-Ol\u00edmpico, em setembro deste ano,\u00a0o CMTE sediar\u00e1\u00a0Copa Sul-Americana da ISSF (disputas de rifle e pistola).<\/p>\n<p>\u201cA realiza\u00e7\u00e3o da \u00faltima seletiva [ISSF Final Qualification Tournament Rifle \/ Pistol 2024] ser\u00e1 uma excelente oportunidade para a comunidade do tiro esportivo acompanhar de perto os melhores atletas do Brasil e do mundo. \u00c9 mais uma grande conquista para nossa modalidade e o esporte brasileiro\u201d, comemorou Jodson Edington, presidente da CBTE, ao confirmar na quarta-feira (3)\u00a0a vinda da seletiva para o Brasil.<\/p>\n<p>Em dezembro o brasileiro Philipe Chateaubrian assegurou uma vaga individual para os Jogos, ao vencer a disputa de pistola de ar (10 metros) do Campeonato das Am\u00e9ricas, em Lima (Peru). O medalhista Felipe Wu tamb\u00e9m busca a classifica\u00e7\u00e3o para Paris<\/p>\n<p>As vagas do tiro esportivo come\u00e7aram a ser distribu\u00eddas em competi\u00e7\u00f5es que come\u00e7aram em 14 de agosto do ano passado e ir\u00e3o at\u00e9 9 de junho de 2024. Cada pa\u00eds ter\u00e1 direito a competir com 24 atletas nos Jogos, com limite m\u00e1ximo de dois por prova.<\/p>\n<p><span style=\"font-weight: 400;\"><br \/>\n<\/span><span style=\"font-weight: 400;\">Fonte: Ag\u00eancia Brasil <\/span><\/p>\n","protected":false},"excerpt":{"rendered":"<p>A cidade do Rio de Janeiro receber\u00e1 a \u00faltima seletiva de tiro esportivo para a Olimp\u00edada de Paris 2024, organizada pela Federa\u00e7\u00e3o Internacional (ISSF, na sigla em ingl\u00eas). A competi\u00e7\u00e3o com provas de rifle e pistola ocorrer\u00e1 de 11 a 19 de abril, no Centro Militar de Tiro Esportivo (CMTE), em Deodoro, na zona oeste [&hellip;]<\/p>\n","protected":false},"author":246,"featured_media":213369,"comment_status":"closed","ping_status":"closed","sticky":false,"template":"","format":"standard","meta":{"footnotes":""},"categories":[436,257,439],"tags":[],"class_list":["post-213368","post","type-post","status-publish","format-standard","has-post-thumbnail","hentry","category-destaque-da-semana","category-esporte","category-ultima-hora"],"_links":{"self":[{"href":"https:\/\/diarioregionaldigital.com.br\/index.php?rest_route=\/wp\/v2\/posts\/213368","targetHints":{"allow":["GET"]}}],"collection":[{"href":"https:\/\/diarioregionaldigital.com.br\/index.php?rest_route=\/wp\/v2\/posts"}],"about":[{"href":"https:\/\/diarioregionaldigital.com.br\/index.php?rest_route=\/wp\/v2\/types\/post"}],"author":[{"embeddable":true,"href":"https:\/\/diarioregionaldigital.com.br\/index.php?rest_route=\/wp\/v2\/users\/246"}],"replies":[{"embeddable":true,"href":"https:\/\/diarioregionaldigital.com.br\/index.php?rest_route=%2Fwp%2Fv2%2Fcomments&post=213368"}],"version-history":[{"count":1,"href":"https:\/\/diarioregionaldigital.com.br\/index.php?rest_route=\/wp\/v2\/posts\/213368\/revisions"}],"predecessor-version":[{"id":213370,"href":"https:\/\/diarioregionaldigital.com.br\/index.php?rest_route=\/wp\/v2\/posts\/213368\/revisions\/213370"}],"wp:featuredmedia":[{"embeddable":true,"href":"https:\/\/diarioregionaldigital.com.br\/index.php?rest_route=\/wp\/v2\/media\/213369"}],"wp:attachment":[{"href":"https:\/\/diarioregionaldigital.com.br\/index.php?rest_route=%2Fwp%2Fv2%2Fmedia&parent=213368"}],"wp:term":[{"taxonomy":"category","embeddable":true,"href":"https:\/\/diarioregionaldigital.com.br\/index.php?rest_route=%2Fwp%2Fv2%2Fcategories&post=213368"},{"taxonomy":"post_tag","embeddable":true,"href":"https:\/\/diarioregionaldigital.com.br\/index.php?rest_route=%2Fwp%2Fv2%2Ftags&post=213368"}],"curies":[{"name":"wp","href":"https:\/\/api.w.org\/{rel}","templated":true}]}}