{"id":213365,"date":"2023-05-05T00:13:04","date_gmt":"2023-05-05T03:13:04","guid":{"rendered":"https:\/\/diarioregionaldigital.com.br\/?p=213365"},"modified":"2023-05-05T00:13:04","modified_gmt":"2023-05-05T03:13:04","slug":"libertadores-athletico-bate-libertad-para-manter-lideranca-do-grupo-g","status":"publish","type":"post","link":"https:\/\/diarioregionaldigital.com.br\/?p=213365","title":{"rendered":"Libertadores: Athletico bate Libertad para manter lideran\u00e7a do Grupo G"},"content":{"rendered":"<p>O Athletico-PR manteve a lideran\u00e7a do Grupo G da Copa Libertadores ap\u00f3s derrotar o Libertad (Paraguai) por 2 a 1, de virada, em pleno est\u00e1dio Defensores del Chaco, em Assun\u00e7\u00e3o, na noite desta quinta-feira (4).<\/p>\n<p>O triunfo levou o Furac\u00e3o aos sete pontos, tr\u00eas a mais do que o vice-l\u00edder Alianza Lima (Peru), que perdeu de 2 a 0, na \u00faltima quarta-feira (3) para o Atl\u00e9tico-MG, terceiro colocado com tr\u00eas pontos. J\u00e1 o Libertad \u00e9 o lanterna da chave com a mesma pontua\u00e7\u00e3o do Galo.<\/p>\n<p>Quem viu apenas a etapa inicial da partida pode ter ficado com a impress\u00e3o de que a equipe da casa venceria sem grandes dificuldades. Isso porque o Libertad abriu o placar logo aos nove minutos com o experiente centroavante \u00d3scar Cardozo e porque o goleiro Mart\u00edn Silva n\u00e3o teve trabalho nos primeiros 45 minutos.<\/p>\n<p>Por\u00e9m, o enredo do confronto foi completamente diferente no segundo tempo, e o Athletico-PR chegou \u00e0 vit\u00f3ria. O Furac\u00e3o come\u00e7ou a mudar a hist\u00f3ria do jogo aos seis minutos, quando R\u00f4mulo marcou de cabe\u00e7a ap\u00f3s cruzamento de Pedro Henrique. A partir da\u00ed a equipe de Paulo Turra assumiu o controle das a\u00e7\u00f5es e se lan\u00e7ou ao ataque at\u00e9 marcar o gol da vit\u00f3ria aos 20 minutos, quando o volante Alex Santana escorou bonito de direita ap\u00f3s Terans levantar na \u00e1rea.<\/p>\n<p>A partir da\u00ed a equipe brasileira mostrou muita coragem para segurar a press\u00e3o do Libertad e sair com uma importante vit\u00f3ria.<\/p>\n<h2>Flamengo empata na Argentina<\/h2>\n<p>O Flamengo foi a outra equipe brasileira a entrar em campo nesta quinta pela Libertadores. E a equipe comandada pelo t\u00e9cnico argentino Jorge Sampaoli esteve perto de cumprir uma grande jornada, mas, no final da partida, permitiu que o Racing (Argentina) arrancasse empate de 1 a 1 em partida disputada no est\u00e1dio El Cilindro.<\/p>\n<p>Ap\u00f3s este resultado o Rubro-Negro permaneceu na vice-lideran\u00e7a do Grupo A, mas agora com quatro pontos, tr\u00eas a menos do que os argentinos, que lideram. O terceiro colocado \u00e9 o Aucas (Equador), com tr\u00eas pontos, mesma pontua\u00e7\u00e3o do \u00d1ublense (Chile), o lanterna.<\/p>\n<p>Mesmo fora de casa, o Flamengo fez um bom primeiro tempo na Argentina. E a miss\u00e3o da equipe da G\u00e1vea ficou ainda mais simples quando o atacante Hauche foi expulso, por receber o segundo cart\u00e3o amarelo, ainda aos 25 minutos do primeiro tempo. Com a vantagem num\u00e9rica o Rubro-Negro assumiu de vez o protagonismo do confronto e abriu o placar com Gabriel Barbosa um pouco antes do intervalo.<\/p>\n<p>Aos 47 minutos Pulgar se posicionou ao lado da \u00e1rea para cobrar falta. Mas, ao inv\u00e9s de levantar a bola, cruzou rasteiro para a entrada da \u00e1rea, para onde Gabriel Barbosa se movimentou para ficar completamente sozinho para bater com categoria e superar o goleiro Arias. Com este feito o camisa 10 do Flamengo se tornou o maior artilheiro brasileiro da hist\u00f3ria da Libertadores com o total de 30 gols.<\/p>\n<p>Mas, ap\u00f3s o intervalo, a hist\u00f3ria mudou. Aos 25 minutos o lateral Wesley tamb\u00e9m deixou a partida ao tomar o segundo amarelo. E, dois minutos depois, Oroz cobrou falta com muita categoria para deixar tudo igual. A partir da\u00ed o Racing foi quem criou as melhores oportunidades, mas o empate perdurou at\u00e9 o apito final.<\/p>\n<p><span style=\"font-weight: 400;\">Fonte: Ag\u00eancia Brasil <\/span><\/p>\n","protected":false},"excerpt":{"rendered":"<p>O Athletico-PR manteve a lideran\u00e7a do Grupo G da Copa Libertadores ap\u00f3s derrotar o Libertad (Paraguai) por 2 a 1, de virada, em pleno est\u00e1dio Defensores del Chaco, em Assun\u00e7\u00e3o, na noite desta quinta-feira (4). O triunfo levou o Furac\u00e3o aos sete pontos, tr\u00eas a mais do que o vice-l\u00edder Alianza Lima (Peru), que perdeu [&hellip;]<\/p>\n","protected":false},"author":246,"featured_media":213366,"comment_status":"closed","ping_status":"closed","sticky":false,"template":"","format":"standard","meta":{"footnotes":""},"categories":[436,440,257,439],"tags":[],"class_list":["post-213365","post","type-post","status-publish","format-standard","has-post-thumbnail","hentry","category-destaque-da-semana","category-destaques-do-dia","category-esporte","category-ultima-hora"],"_links":{"self":[{"href":"https:\/\/diarioregionaldigital.com.br\/index.php?rest_route=\/wp\/v2\/posts\/213365","targetHints":{"allow":["GET"]}}],"collection":[{"href":"https:\/\/diarioregionaldigital.com.br\/index.php?rest_route=\/wp\/v2\/posts"}],"about":[{"href":"https:\/\/diarioregionaldigital.com.br\/index.php?rest_route=\/wp\/v2\/types\/post"}],"author":[{"embeddable":true,"href":"https:\/\/diarioregionaldigital.com.br\/index.php?rest_route=\/wp\/v2\/users\/246"}],"replies":[{"embeddable":true,"href":"https:\/\/diarioregionaldigital.com.br\/index.php?rest_route=%2Fwp%2Fv2%2Fcomments&post=213365"}],"version-history":[{"count":1,"href":"https:\/\/diarioregionaldigital.com.br\/index.php?rest_route=\/wp\/v2\/posts\/213365\/revisions"}],"predecessor-version":[{"id":213367,"href":"https:\/\/diarioregionaldigital.com.br\/index.php?rest_route=\/wp\/v2\/posts\/213365\/revisions\/213367"}],"wp:featuredmedia":[{"embeddable":true,"href":"https:\/\/diarioregionaldigital.com.br\/index.php?rest_route=\/wp\/v2\/media\/213366"}],"wp:attachment":[{"href":"https:\/\/diarioregionaldigital.com.br\/index.php?rest_route=%2Fwp%2Fv2%2Fmedia&parent=213365"}],"wp:term":[{"taxonomy":"category","embeddable":true,"href":"https:\/\/diarioregionaldigital.com.br\/index.php?rest_route=%2Fwp%2Fv2%2Fcategories&post=213365"},{"taxonomy":"post_tag","embeddable":true,"href":"https:\/\/diarioregionaldigital.com.br\/index.php?rest_route=%2Fwp%2Fv2%2Ftags&post=213365"}],"curies":[{"name":"wp","href":"https:\/\/api.w.org\/{rel}","templated":true}]}}