{"id":213306,"date":"2023-05-03T23:46:26","date_gmt":"2023-05-04T02:46:26","guid":{"rendered":"https:\/\/diarioregionaldigital.com.br\/?p=213306"},"modified":"2023-05-03T23:46:26","modified_gmt":"2023-05-04T02:46:26","slug":"campea-olimpica-nos-jogos-do-rio-morre-aos-32-anos","status":"publish","type":"post","link":"https:\/\/diarioregionaldigital.com.br\/?p=213306","title":{"rendered":"Campe\u00e3 ol\u00edmpica nos Jogos do Rio morre aos 32 anos"},"content":{"rendered":"<p>A campe\u00e3 ol\u00edmpica Tori Bowie morreu, nesta quarta-feira (3), aos 32 anos de idade. A informa\u00e7\u00e3o do falecimento da norte-americana, que conquistou uma medalha de ouro nos Jogos Ol\u00edmpicos de 2016, no Rio de Janeiro, na prova do revezamento 4&#215;100 metros rasos, foi confirmada pela equipe que gerenciava a carreira da atleta.<\/p>\n<p>\u201cEstamos devastados em compartilhar a triste not\u00edcia de que Tori Bowie faleceu. Perdemos uma cliente, querida amiga, filha e irm\u00e3. Tori era uma campe\u00e3\u2026, um farol de luz que brilhava tanto! Estamos realmente com o cora\u00e7\u00e3o partido e nossas ora\u00e7\u00f5es est\u00e3o com a fam\u00edlia, amigos e todos que a amavam\u201d, informou a nota da assessoria da velocista, que n\u00e3o informou a causa da morte.<\/p>\n<p>Quem tamb\u00e9m lamentou a morte da campe\u00e3 ol\u00edmpica foi a World Athletics (Federa\u00e7\u00e3o Internacional de Atletismo), que recordou um dos grandes feitos da carreira de Bowie, a conquista do t\u00edtulo mundial dos 100 metros rasos em 2017. No mesmo evento ela tamb\u00e9m ficou com o ouro no revezamento 4&#215;100 metros rasos.<\/p>\n<p>Nos Jogos do Rio, al\u00e9m do ouro no revezamento &#8211; ao lado de Tianna Bartoletta, Allyson Felix, English Gardner e Morolake Akinosun (que disputou as eliminat\u00f3rias) -, Bowie conquistou uma prata nos 100 metros rasos e um bronze nos 200 metros rasos.<\/p>\n<p><span style=\"font-weight: 400;\">Fonte: Ag\u00eancia Brasil <\/span><\/p>\n","protected":false},"excerpt":{"rendered":"<p>A campe\u00e3 ol\u00edmpica Tori Bowie morreu, nesta quarta-feira (3), aos 32 anos de idade. A informa\u00e7\u00e3o do falecimento da norte-americana, que conquistou uma medalha de ouro nos Jogos Ol\u00edmpicos de 2016, no Rio de Janeiro, na prova do revezamento 4&#215;100 metros rasos, foi confirmada pela equipe que gerenciava a carreira da atleta. \u201cEstamos devastados em [&hellip;]<\/p>\n","protected":false},"author":246,"featured_media":213307,"comment_status":"closed","ping_status":"closed","sticky":false,"template":"","format":"standard","meta":{"footnotes":""},"categories":[436,257,439],"tags":[],"class_list":["post-213306","post","type-post","status-publish","format-standard","has-post-thumbnail","hentry","category-destaque-da-semana","category-esporte","category-ultima-hora"],"_links":{"self":[{"href":"https:\/\/diarioregionaldigital.com.br\/index.php?rest_route=\/wp\/v2\/posts\/213306","targetHints":{"allow":["GET"]}}],"collection":[{"href":"https:\/\/diarioregionaldigital.com.br\/index.php?rest_route=\/wp\/v2\/posts"}],"about":[{"href":"https:\/\/diarioregionaldigital.com.br\/index.php?rest_route=\/wp\/v2\/types\/post"}],"author":[{"embeddable":true,"href":"https:\/\/diarioregionaldigital.com.br\/index.php?rest_route=\/wp\/v2\/users\/246"}],"replies":[{"embeddable":true,"href":"https:\/\/diarioregionaldigital.com.br\/index.php?rest_route=%2Fwp%2Fv2%2Fcomments&post=213306"}],"version-history":[{"count":1,"href":"https:\/\/diarioregionaldigital.com.br\/index.php?rest_route=\/wp\/v2\/posts\/213306\/revisions"}],"predecessor-version":[{"id":213308,"href":"https:\/\/diarioregionaldigital.com.br\/index.php?rest_route=\/wp\/v2\/posts\/213306\/revisions\/213308"}],"wp:featuredmedia":[{"embeddable":true,"href":"https:\/\/diarioregionaldigital.com.br\/index.php?rest_route=\/wp\/v2\/media\/213307"}],"wp:attachment":[{"href":"https:\/\/diarioregionaldigital.com.br\/index.php?rest_route=%2Fwp%2Fv2%2Fmedia&parent=213306"}],"wp:term":[{"taxonomy":"category","embeddable":true,"href":"https:\/\/diarioregionaldigital.com.br\/index.php?rest_route=%2Fwp%2Fv2%2Fcategories&post=213306"},{"taxonomy":"post_tag","embeddable":true,"href":"https:\/\/diarioregionaldigital.com.br\/index.php?rest_route=%2Fwp%2Fv2%2Ftags&post=213306"}],"curies":[{"name":"wp","href":"https:\/\/api.w.org\/{rel}","templated":true}]}}