{"id":213302,"date":"2023-05-03T23:44:47","date_gmt":"2023-05-04T02:44:47","guid":{"rendered":"https:\/\/diarioregionaldigital.com.br\/?p=213302"},"modified":"2023-05-03T23:44:47","modified_gmt":"2023-05-04T02:44:47","slug":"cpb-abre-inscricoes-para-a-edicao-2023-do-festival-paralimpico","status":"publish","type":"post","link":"https:\/\/diarioregionaldigital.com.br\/?p=213302","title":{"rendered":"CPB abre inscri\u00e7\u00f5es para a edi\u00e7\u00e3o 2023 do Festival Paral\u00edmpico"},"content":{"rendered":"<p>O Comit\u00ea Paral\u00edmpico Brasileiro (CPB) anunciou, nesta quarta-feira (3), a abertura das inscri\u00e7\u00f5es para a edi\u00e7\u00e3o 2023 do Festival Paral\u00edmpico, a\u00e7\u00e3o que promove a experimenta\u00e7\u00e3o de modalidades paral\u00edmpicas, de forma l\u00fadica, para crian\u00e7as e adolescentes com, e sem, defici\u00eancia.<\/p>\n<p>Pela primeira vez, o evento, que teve sua primeira edi\u00e7\u00e3o em 2018, ser\u00e1 realizada em duas etapas, nos dias 20 de maio e 23 de setembro. A edi\u00e7\u00e3o 2023 do Festival Paral\u00edmpico ter\u00e1 120 n\u00facleos espalhados por todo o Brasil, incluindo todas as 27 unidades federativas do pa\u00eds (26 estados e o Distrito Federal).<\/p>\n<p>Al\u00e9m de experimentar uma modalidade paral\u00edmpica, os participantes ter\u00e3o a oportunidade de interagir com medalhistas paral\u00edmpicos, que trocar\u00e3o experi\u00eancias com o p\u00fablico presente. Em 2022, o evento teve a sua maior edi\u00e7\u00e3o, reunindo cerca de 15 mil crian\u00e7as e adolescentes em 98 cidades.<\/p>\n<p>As inscri\u00e7\u00f5es para a edi\u00e7\u00e3o 2023 do Festival Paral\u00edmpico podem ser feitas\u00a0<a href=\"https:\/\/docs.google.com\/forms\/d\/e\/1FAIpQLSdYwqR5mr_1_JVz7d46Nfr3-BTbihZBbv9CoT-i-PzuW_eLlw\/viewform\" target=\"_blank\" rel=\"noopener\">AQUI<\/a>. E a rela\u00e7\u00e3o de n\u00facleos que receber\u00e3o o evento est\u00e1\u00a0<a href=\"https:\/\/www.cpb.org.br\/noticia\/detalhe\/5018\/cpb-divulga-os-120-nucleos-selecionados-para-sediar-o-festival-paralimpico-2023\" target=\"_blank\" rel=\"noopener\">AQUI<\/a>.<\/p>\n<p><span style=\"font-weight: 400;\"><br \/>\n<\/span><span style=\"font-weight: 400;\">Fonte: Ag\u00eancia Brasil\u00a0<\/span><span style=\"font-weight: 400;\"><br \/>\n<\/span><\/p>\n","protected":false},"excerpt":{"rendered":"<p>O Comit\u00ea Paral\u00edmpico Brasileiro (CPB) anunciou, nesta quarta-feira (3), a abertura das inscri\u00e7\u00f5es para a edi\u00e7\u00e3o 2023 do Festival Paral\u00edmpico, a\u00e7\u00e3o que promove a experimenta\u00e7\u00e3o de modalidades paral\u00edmpicas, de forma l\u00fadica, para crian\u00e7as e adolescentes com, e sem, defici\u00eancia. Pela primeira vez, o evento, que teve sua primeira edi\u00e7\u00e3o em 2018, ser\u00e1 realizada em duas [&hellip;]<\/p>\n","protected":false},"author":246,"featured_media":213303,"comment_status":"closed","ping_status":"closed","sticky":false,"template":"","format":"standard","meta":{"footnotes":""},"categories":[436,440,257,439],"tags":[],"class_list":["post-213302","post","type-post","status-publish","format-standard","has-post-thumbnail","hentry","category-destaque-da-semana","category-destaques-do-dia","category-esporte","category-ultima-hora"],"_links":{"self":[{"href":"https:\/\/diarioregionaldigital.com.br\/index.php?rest_route=\/wp\/v2\/posts\/213302","targetHints":{"allow":["GET"]}}],"collection":[{"href":"https:\/\/diarioregionaldigital.com.br\/index.php?rest_route=\/wp\/v2\/posts"}],"about":[{"href":"https:\/\/diarioregionaldigital.com.br\/index.php?rest_route=\/wp\/v2\/types\/post"}],"author":[{"embeddable":true,"href":"https:\/\/diarioregionaldigital.com.br\/index.php?rest_route=\/wp\/v2\/users\/246"}],"replies":[{"embeddable":true,"href":"https:\/\/diarioregionaldigital.com.br\/index.php?rest_route=%2Fwp%2Fv2%2Fcomments&post=213302"}],"version-history":[{"count":2,"href":"https:\/\/diarioregionaldigital.com.br\/index.php?rest_route=\/wp\/v2\/posts\/213302\/revisions"}],"predecessor-version":[{"id":213305,"href":"https:\/\/diarioregionaldigital.com.br\/index.php?rest_route=\/wp\/v2\/posts\/213302\/revisions\/213305"}],"wp:featuredmedia":[{"embeddable":true,"href":"https:\/\/diarioregionaldigital.com.br\/index.php?rest_route=\/wp\/v2\/media\/213303"}],"wp:attachment":[{"href":"https:\/\/diarioregionaldigital.com.br\/index.php?rest_route=%2Fwp%2Fv2%2Fmedia&parent=213302"}],"wp:term":[{"taxonomy":"category","embeddable":true,"href":"https:\/\/diarioregionaldigital.com.br\/index.php?rest_route=%2Fwp%2Fv2%2Fcategories&post=213302"},{"taxonomy":"post_tag","embeddable":true,"href":"https:\/\/diarioregionaldigital.com.br\/index.php?rest_route=%2Fwp%2Fv2%2Ftags&post=213302"}],"curies":[{"name":"wp","href":"https:\/\/api.w.org\/{rel}","templated":true}]}}