{"id":213296,"date":"2023-05-03T23:34:11","date_gmt":"2023-05-04T02:34:11","guid":{"rendered":"https:\/\/diarioregionaldigital.com.br\/?p=213296"},"modified":"2023-05-03T23:34:11","modified_gmt":"2023-05-04T02:34:11","slug":"moraes-determina-depoimento-de-torres-sobre-acoes-da-prf","status":"publish","type":"post","link":"https:\/\/diarioregionaldigital.com.br\/?p=213296","title":{"rendered":"Moraes determina depoimento de Torres sobre a\u00e7\u00f5es da PRF"},"content":{"rendered":"<p>O ministro Alexandre de Moraes, do Supremo Tribunal Federal (STF), determinou hoje (3) que o ex-ministro da Justi\u00e7a Anderson Torres preste depoimento \u00e0 Pol\u00edcia Federal (PF) at\u00e9 a pr\u00f3xima segunda-feira (8).<\/p>\n<p>Torres dever\u00e1 ser ouvido em um inqu\u00e9rito da PF que investiga o uso da Pol\u00edcia Rodovi\u00e1ria Federal (PRF) para fiscalizar o tr\u00e2nsito de eleitores, no Nordeste, no dia do segundo turno das elei\u00e7\u00f5es presidenciais de 2022.<\/p>\n<p>O ex-ministro deveria prestar depoimento sobre a quest\u00e3o no dia 24 de abril, mas a oitiva foi suspensa devido ao seu estado sa\u00fade.<\/p>\n<p>Pela decis\u00e3o de Moraes, Torres ser\u00e1 ouvido na condi\u00e7\u00e3o de declarante, na sede da PF, em Bras\u00edlia. Ele dever\u00e1 ter assegurado pelos delegados o direito ao sil\u00eancio e a garantia de n\u00e3o autoincrimina\u00e7\u00e3o ao ser questionado durante o depoimento.<\/p>\n<p>A oitiva ser\u00e1 presencial e o ex-ministro dever\u00e1 ser escoltado de um batalh\u00e3o da Pol\u00edcia Militar do Distrito Federal, onde est\u00e1 preso, para as depend\u00eancias da PF.<\/p>\n<p>Anderson Torres est\u00e1 preso desde 14 de janeiro em fun\u00e7\u00e3o das investiga\u00e7\u00f5es oriundas de outro processo, que apura os atos golpistas ocorridos no dia 8 daquele m\u00eas. Na ocasi\u00e3o, Torres estava afastado da Secretaria de Seguran\u00e7a do Distrito Federal. O inqu\u00e9rito no STF apura suposta omiss\u00e3o dele e de outras autoridades na conten\u00e7\u00e3o dos atos.<\/p>\n<p>De acordo com os advogados, ele est\u00e1 apresentando crises de ansiedade, ang\u00fastia, sensa\u00e7\u00e3o de falta de ar, ang\u00fastia, tristeza profunda, com choros intensos e ininterruptos, al\u00e9m de pensamentos suicidas.<\/p>\n<p><span style=\"font-weight: 400;\">Fonte: Ag\u00eancia Brasil <\/span><\/p>\n","protected":false},"excerpt":{"rendered":"<p>O ministro Alexandre de Moraes, do Supremo Tribunal Federal (STF), determinou hoje (3) que o ex-ministro da Justi\u00e7a Anderson Torres preste depoimento \u00e0 Pol\u00edcia Federal (PF) at\u00e9 a pr\u00f3xima segunda-feira (8). Torres dever\u00e1 ser ouvido em um inqu\u00e9rito da PF que investiga o uso da Pol\u00edcia Rodovi\u00e1ria Federal (PRF) para fiscalizar o tr\u00e2nsito de eleitores, [&hellip;]<\/p>\n","protected":false},"author":246,"featured_media":213297,"comment_status":"closed","ping_status":"closed","sticky":false,"template":"","format":"standard","meta":{"footnotes":""},"categories":[436,254,439],"tags":[],"class_list":["post-213296","post","type-post","status-publish","format-standard","has-post-thumbnail","hentry","category-destaque-da-semana","category-politica","category-ultima-hora"],"_links":{"self":[{"href":"https:\/\/diarioregionaldigital.com.br\/index.php?rest_route=\/wp\/v2\/posts\/213296","targetHints":{"allow":["GET"]}}],"collection":[{"href":"https:\/\/diarioregionaldigital.com.br\/index.php?rest_route=\/wp\/v2\/posts"}],"about":[{"href":"https:\/\/diarioregionaldigital.com.br\/index.php?rest_route=\/wp\/v2\/types\/post"}],"author":[{"embeddable":true,"href":"https:\/\/diarioregionaldigital.com.br\/index.php?rest_route=\/wp\/v2\/users\/246"}],"replies":[{"embeddable":true,"href":"https:\/\/diarioregionaldigital.com.br\/index.php?rest_route=%2Fwp%2Fv2%2Fcomments&post=213296"}],"version-history":[{"count":1,"href":"https:\/\/diarioregionaldigital.com.br\/index.php?rest_route=\/wp\/v2\/posts\/213296\/revisions"}],"predecessor-version":[{"id":213298,"href":"https:\/\/diarioregionaldigital.com.br\/index.php?rest_route=\/wp\/v2\/posts\/213296\/revisions\/213298"}],"wp:featuredmedia":[{"embeddable":true,"href":"https:\/\/diarioregionaldigital.com.br\/index.php?rest_route=\/wp\/v2\/media\/213297"}],"wp:attachment":[{"href":"https:\/\/diarioregionaldigital.com.br\/index.php?rest_route=%2Fwp%2Fv2%2Fmedia&parent=213296"}],"wp:term":[{"taxonomy":"category","embeddable":true,"href":"https:\/\/diarioregionaldigital.com.br\/index.php?rest_route=%2Fwp%2Fv2%2Fcategories&post=213296"},{"taxonomy":"post_tag","embeddable":true,"href":"https:\/\/diarioregionaldigital.com.br\/index.php?rest_route=%2Fwp%2Fv2%2Ftags&post=213296"}],"curies":[{"name":"wp","href":"https:\/\/api.w.org\/{rel}","templated":true}]}}