{"id":213293,"date":"2023-05-03T23:32:47","date_gmt":"2023-05-04T02:32:47","guid":{"rendered":"https:\/\/diarioregionaldigital.com.br\/?p=213293"},"modified":"2023-05-03T23:32:47","modified_gmt":"2023-05-04T02:32:47","slug":"stj-mantem-no-tribunal-investigacao-contra-governador-do-rio","status":"publish","type":"post","link":"https:\/\/diarioregionaldigital.com.br\/?p=213293","title":{"rendered":"STJ mant\u00e9m no tribunal investiga\u00e7\u00e3o contra governador do Rio"},"content":{"rendered":"<p>A Corte Especial do Superior Tribunal de Justi\u00e7a (STJ) decidiu, nesta quarta-feira (3), que um processo aberto contra o governador do Rio de Janeiro, Cl\u00e1udio Castro, ser\u00e1 julgado pelo tribunal.<\/p>\n<p>Na sess\u00e3o realizada na parte da tarde, por oito votos a quatro, o colegiado atendeu ao recurso da defesa de Castro para manter o processo no STJ.<\/p>\n<p>A investiga\u00e7\u00e3o trata da suposta compra de respiradores e outros equipamentos m\u00e9dicos superfaturados em compras destinadas ao combate \u00e0 pandemia de covid-19, em 2020. Na \u00e9poca, o estado era chefiado pelo ex-governador Wilson Witzel e tinha Castro na condi\u00e7\u00e3o de vice-governador.<\/p>\n<p>Antes da decis\u00e3o proferida nesta quarta, o ministro Benedito Gon\u00e7alves, em decis\u00e3o individual, determinou que o caso fosse enviado \u00e0 segunda inst\u00e2ncia da Justi\u00e7a Federal no Rio. No entanto, a defesa discordou da decis\u00e3o e recorreu.<\/p>\n<p>No recurso, a defesa de Castro defendeu a perman\u00eancia do processo no STJ em fun\u00e7\u00e3o do foro privilegiado concedido para governadores que respondem a processos criminais.<\/p>\n<p><span style=\"font-weight: 400;\">Fonte: Ag\u00eancia Brasil\u00a0<\/span><span style=\"font-weight: 400;\"><br \/>\n<\/span><\/p>\n","protected":false},"excerpt":{"rendered":"<p>A Corte Especial do Superior Tribunal de Justi\u00e7a (STJ) decidiu, nesta quarta-feira (3), que um processo aberto contra o governador do Rio de Janeiro, Cl\u00e1udio Castro, ser\u00e1 julgado pelo tribunal. Na sess\u00e3o realizada na parte da tarde, por oito votos a quatro, o colegiado atendeu ao recurso da defesa de Castro para manter o processo [&hellip;]<\/p>\n","protected":false},"author":246,"featured_media":213294,"comment_status":"closed","ping_status":"closed","sticky":false,"template":"","format":"standard","meta":{"footnotes":""},"categories":[436,254,439],"tags":[],"class_list":["post-213293","post","type-post","status-publish","format-standard","has-post-thumbnail","hentry","category-destaque-da-semana","category-politica","category-ultima-hora"],"_links":{"self":[{"href":"https:\/\/diarioregionaldigital.com.br\/index.php?rest_route=\/wp\/v2\/posts\/213293","targetHints":{"allow":["GET"]}}],"collection":[{"href":"https:\/\/diarioregionaldigital.com.br\/index.php?rest_route=\/wp\/v2\/posts"}],"about":[{"href":"https:\/\/diarioregionaldigital.com.br\/index.php?rest_route=\/wp\/v2\/types\/post"}],"author":[{"embeddable":true,"href":"https:\/\/diarioregionaldigital.com.br\/index.php?rest_route=\/wp\/v2\/users\/246"}],"replies":[{"embeddable":true,"href":"https:\/\/diarioregionaldigital.com.br\/index.php?rest_route=%2Fwp%2Fv2%2Fcomments&post=213293"}],"version-history":[{"count":1,"href":"https:\/\/diarioregionaldigital.com.br\/index.php?rest_route=\/wp\/v2\/posts\/213293\/revisions"}],"predecessor-version":[{"id":213295,"href":"https:\/\/diarioregionaldigital.com.br\/index.php?rest_route=\/wp\/v2\/posts\/213293\/revisions\/213295"}],"wp:featuredmedia":[{"embeddable":true,"href":"https:\/\/diarioregionaldigital.com.br\/index.php?rest_route=\/wp\/v2\/media\/213294"}],"wp:attachment":[{"href":"https:\/\/diarioregionaldigital.com.br\/index.php?rest_route=%2Fwp%2Fv2%2Fmedia&parent=213293"}],"wp:term":[{"taxonomy":"category","embeddable":true,"href":"https:\/\/diarioregionaldigital.com.br\/index.php?rest_route=%2Fwp%2Fv2%2Fcategories&post=213293"},{"taxonomy":"post_tag","embeddable":true,"href":"https:\/\/diarioregionaldigital.com.br\/index.php?rest_route=%2Fwp%2Fv2%2Ftags&post=213293"}],"curies":[{"name":"wp","href":"https:\/\/api.w.org\/{rel}","templated":true}]}}