{"id":213287,"date":"2023-05-03T23:18:14","date_gmt":"2023-05-04T02:18:14","guid":{"rendered":"https:\/\/diarioregionaldigital.com.br\/?p=213287"},"modified":"2023-05-03T23:18:14","modified_gmt":"2023-05-04T02:18:14","slug":"lula-assina-decreto-para-impulsionar-bionegocios-na-amazonia","status":"publish","type":"post","link":"https:\/\/diarioregionaldigital.com.br\/?p=213287","title":{"rendered":"Lula assina decreto para impulsionar bioneg\u00f3cios na Amaz\u00f4nia"},"content":{"rendered":"<div class=\"post-item-wrap\">\n<p>O presidente Luiz In\u00e1cio Lula da Silva assinou, nesta quarta-feira (3), o decreto de qualifica\u00e7\u00e3o da organiza\u00e7\u00e3o social que vai gerir o Centro de Bioneg\u00f3cios da Amaz\u00f4nia (CBA). O objetivo da medida \u00e9 agregar valor e impulsionar novos neg\u00f3cios baseados nos recursos naturais da regi\u00e3o.<\/p>\n<p>Para o vice-presidente e ministro do Desenvolvimento, Ind\u00fastria, Com\u00e9rcio e Servi\u00e7os, Geraldo Alckmin, a atua\u00e7\u00e3o mais ampla do CBA resultar\u00e1 em investimentos, produtos, empregos, renda e desenvolvimento local e regional. Durante a cerim\u00f4nia de assinatura do decreto no Pal\u00e1cio do Planalto, Alckmin destacou o potencial da biodiversidade da Amaz\u00f4nia em \u00e1reas como farmac\u00eautica, qu\u00edmica, cosm\u00e9tica e aliment\u00edcia.<\/p>\n<p>\u201cVamos trabalhar juntos com os minist\u00e9rios de ci\u00eancia e tecnologia, do meio ambiente, governos estaduais, governos municipais, universidades e, principalmente, a iniciativa privada para criar emprego, criar empresa, agregar valor, transformar a grande farm\u00e1cia que \u00e9 a biodiversidade amaz\u00f4nica em produtos, servi\u00e7os, empregos e investimentos. \u00c9 impressionante, na \u00e1rea de alimentos, por exemplo, 1 quilo de cacau de am\u00eandoa custa R$ 10 e 1 quilo de chocolate, R$ 200. N\u00f3s temos muito potencial\u201d, afirmou.<\/p>\n<p>Com o decreto, o CBA, antes chamado Centro de Biotecnologia da Amaz\u00f4nia, deixa de ser vinculado \u00e0 Superintend\u00eancia da Zona Franca de Manaus (Suframa) e passa a ser gerido pela organiza\u00e7\u00e3o social Funda\u00e7\u00e3o Universitas de Estudos Amaz\u00f4nicos (FUEA), selecionada por meio de concorr\u00eancia p\u00fablica. Com personalidade jur\u00eddica pr\u00f3pria, o centro ter\u00e1 mais autonomia para captar recursos p\u00fablicos e privados e ampliar suas atividades.<\/p>\n<p>De acordo com a Presid\u00eancia da Rep\u00fablica, os recursos p\u00fablicos previstos para o CBA nos pr\u00f3ximos quatro anos chegam a R$ 47,6 milh\u00f5es. Agora, tamb\u00e9m ser\u00e1 poss\u00edvel ter acesso a recursos dispon\u00edveis na iniciativa privada para pesquisa, desenvolvimento e inova\u00e7\u00e3o.<\/p>\n<p>\u201cEle [CBA] ter\u00e1 um centro de intelig\u00eancia para novos neg\u00f3cios, que vai prospectar novos investimentos, trazer o setor privado e transformar pesquisa em patente e em neg\u00f3cios para o desenvolvimento da regi\u00e3o\u201d, ressaltou Alckmin.<\/p>\n<p>Nos pr\u00f3ximos dias, a FUEA assinar\u00e1 contrato com o Minist\u00e9rio do Desenvolvimento, Ind\u00fastria, Com\u00e9rcio e Servi\u00e7os, que transferir\u00e1 a gest\u00e3o do CBA para a organiza\u00e7\u00e3o social, que atuar\u00e1 em parceria com o Instituto de Pesquisas Tecnol\u00f3gicas, a Funda\u00e7\u00e3o de Apoio ao Instituto de Pesquisas Tecnol\u00f3gicas e a Universidade do Estado do Amazonas.<\/p>\n<h2>Atua\u00e7\u00e3o<\/h2>\n<p>O CBA passar\u00e1 a ter um n\u00facleo de neg\u00f3cios com atua\u00e7\u00e3o em duas frentes. A primeira ser\u00e1 na busca por pesquisas fora de seus pr\u00f3prios laborat\u00f3rios, que resultem em produtos de \u201cprateleira\u201d que integrem o portf\u00f3lio do centro e ser\u00e3o oferecidos a potenciais investidores.<\/p>\n<p>Na segunda frente, em parcerias com a iniciativa privada, o centro garantir\u00e1 o fornecimento de mat\u00e9ria-prima com regularidade e a pre\u00e7os competitivos, dando condi\u00e7\u00f5es m\u00ednimas para que a ind\u00fastria se estabele\u00e7a e haja sustentabilidade no trabalho das comunidades diretamente envolvidas, como ribeirinhos e povos origin\u00e1rios.<\/p>\n<p>O CBA foi criado em 2003, dentro da Suframa. De acordo com a Presid\u00eancia da Rep\u00fablica, ao longo dos \u00faltimos anos, o centro tem trabalhado em projetos que buscam desenvolver novos produtos e processos usando insumos da biodiversidade amaz\u00f4nica em diversas \u00e1reas, como alimentos e bebidas, fitoter\u00e1picos, cosm\u00e9ticos, farmac\u00eauticos, qu\u00edmica, biopl\u00e1sticos, agr\u00edcolas, t\u00eaxtil, sa\u00fade, diagn\u00f3stica e de pap\u00e9is.<\/p>\n<p>O centro tamb\u00e9m atua na capacita\u00e7\u00e3o de recursos humanos para o desenvolvimento de atividades de base sustent\u00e1vel, por meio de apoio t\u00e9cnico \u00e0s comunidades tradicionais, unidades de manejo, empreendedores agroflorestais; e para transforma\u00e7\u00e3o de rejeitos org\u00e2nicos e inorg\u00e2nicos em produtos economicamente vi\u00e1veis.<\/p>\n<p>Entre os exemplos pr\u00e1ticos da atua\u00e7\u00e3o do CBA est\u00e3o o desenvolvimento de catalisadores a partir do lodo para produ\u00e7\u00e3o de biocombust\u00edveis; o uso de insumos locais e res\u00edduos fabris para obten\u00e7\u00e3o de biopl\u00e1sticos, celulose e membranas bacterianas que podem, inclusive, ser transformadas em bebidas probi\u00f3ticas, como o\u00a0<em>kombucha<\/em>; processos avan\u00e7ados para obten\u00e7\u00e3o de a\u00e7a\u00ed liofilizado, manteiga de cupua\u00e7u e \u00f3leos essenciais com a casca da laranja; e produ\u00e7\u00e3o de corantes naturais a partir de mais de 2,6 mil esp\u00e9cies de microorganismos da regi\u00e3o.<\/p>\n<\/div>\n<p class=\"alt-font font-italic my-2 small text-info\"><span style=\"font-weight: 400;\">Fonte: Ag\u00eancia Brasil <\/span><\/p>\n","protected":false},"excerpt":{"rendered":"<p>O presidente Luiz In\u00e1cio Lula da Silva assinou, nesta quarta-feira (3), o decreto de qualifica\u00e7\u00e3o da organiza\u00e7\u00e3o social que vai gerir o Centro de Bioneg\u00f3cios da Amaz\u00f4nia (CBA). O objetivo da medida \u00e9 agregar valor e impulsionar novos neg\u00f3cios baseados nos recursos naturais da regi\u00e3o. Para o vice-presidente e ministro do Desenvolvimento, Ind\u00fastria, Com\u00e9rcio e [&hellip;]<\/p>\n","protected":false},"author":246,"featured_media":213288,"comment_status":"closed","ping_status":"closed","sticky":false,"template":"","format":"standard","meta":{"footnotes":""},"categories":[436,261,439],"tags":[],"class_list":["post-213287","post","type-post","status-publish","format-standard","has-post-thumbnail","hentry","category-destaque-da-semana","category-economia","category-ultima-hora"],"_links":{"self":[{"href":"https:\/\/diarioregionaldigital.com.br\/index.php?rest_route=\/wp\/v2\/posts\/213287","targetHints":{"allow":["GET"]}}],"collection":[{"href":"https:\/\/diarioregionaldigital.com.br\/index.php?rest_route=\/wp\/v2\/posts"}],"about":[{"href":"https:\/\/diarioregionaldigital.com.br\/index.php?rest_route=\/wp\/v2\/types\/post"}],"author":[{"embeddable":true,"href":"https:\/\/diarioregionaldigital.com.br\/index.php?rest_route=\/wp\/v2\/users\/246"}],"replies":[{"embeddable":true,"href":"https:\/\/diarioregionaldigital.com.br\/index.php?rest_route=%2Fwp%2Fv2%2Fcomments&post=213287"}],"version-history":[{"count":1,"href":"https:\/\/diarioregionaldigital.com.br\/index.php?rest_route=\/wp\/v2\/posts\/213287\/revisions"}],"predecessor-version":[{"id":213289,"href":"https:\/\/diarioregionaldigital.com.br\/index.php?rest_route=\/wp\/v2\/posts\/213287\/revisions\/213289"}],"wp:featuredmedia":[{"embeddable":true,"href":"https:\/\/diarioregionaldigital.com.br\/index.php?rest_route=\/wp\/v2\/media\/213288"}],"wp:attachment":[{"href":"https:\/\/diarioregionaldigital.com.br\/index.php?rest_route=%2Fwp%2Fv2%2Fmedia&parent=213287"}],"wp:term":[{"taxonomy":"category","embeddable":true,"href":"https:\/\/diarioregionaldigital.com.br\/index.php?rest_route=%2Fwp%2Fv2%2Fcategories&post=213287"},{"taxonomy":"post_tag","embeddable":true,"href":"https:\/\/diarioregionaldigital.com.br\/index.php?rest_route=%2Fwp%2Fv2%2Ftags&post=213287"}],"curies":[{"name":"wp","href":"https:\/\/api.w.org\/{rel}","templated":true}]}}