{"id":213281,"date":"2023-05-03T23:15:01","date_gmt":"2023-05-04T02:15:01","guid":{"rendered":"https:\/\/diarioregionaldigital.com.br\/?p=213281"},"modified":"2023-05-03T23:15:01","modified_gmt":"2023-05-04T02:15:01","slug":"ibge-divulga-resultado-do-censo-no-final-de-junho","status":"publish","type":"post","link":"https:\/\/diarioregionaldigital.com.br\/?p=213281","title":{"rendered":"IBGE divulga resultado do censo no final de junho"},"content":{"rendered":"<p>O Instituto Brasileiro de Geografia e Estat\u00edstica (IBGE) distribuiu comunicado hoje (3) informando que as a\u00e7\u00f5es finais, da etapa de apura\u00e7\u00e3o do Censo Demogr\u00e1fico, que envolvem a coleta de informa\u00e7\u00f5es, ocorrer\u00e3o at\u00e9 o dia 28 deste m\u00eas e \u201cque os dados definitivos de popula\u00e7\u00e3o do censo ser\u00e3o divulgados, pelo instituto, impreterivelmente, em 28 de junho pr\u00f3ximo\u201d.<\/p>\n<p>A nota diz que a etapa de apura\u00e7\u00e3o do censo, iniciada neste ano, foi realizada com sucesso junto a diversos territ\u00f3rios censit\u00e1rios, como a Terra Ind\u00edgena Yanomami, comunidades em grandes capitais e regi\u00f5es metropolitanas e tamb\u00e9m junto a bairros de alto padr\u00e3o. E \u201co trabalho t\u00e9cnico realizado por servidores do IBGE e o acompanhamento de especialistas externos convidados para avalia\u00e7\u00e3o dos dados do censo foram realizados com \u00eaxito\u201d.<\/p>\n<p>Diante disso, a Comiss\u00e3o Executiva do Censo, por unanimidade, comunicou que os trabalhos de pesquisa de campo\u00a0<a href=\"https:\/\/agenciabrasil.ebc.com.br\/geral\/noticia\/2023-03\/ibge-se-une-orgaos-publicos-e-sociedade-civil-para-concluir-censo\" target=\"_blank\" rel=\"noopener\">terminam at\u00e9 o final de maio<\/a>.<\/p>\n<p><span style=\"font-weight: 400;\"><br \/>\n<\/span><span style=\"font-weight: 400;\">Fonte: Ag\u00eancia Brasil <\/span><\/p>\n","protected":false},"excerpt":{"rendered":"<p>O Instituto Brasileiro de Geografia e Estat\u00edstica (IBGE) distribuiu comunicado hoje (3) informando que as a\u00e7\u00f5es finais, da etapa de apura\u00e7\u00e3o do Censo Demogr\u00e1fico, que envolvem a coleta de informa\u00e7\u00f5es, ocorrer\u00e3o at\u00e9 o dia 28 deste m\u00eas e \u201cque os dados definitivos de popula\u00e7\u00e3o do censo ser\u00e3o divulgados, pelo instituto, impreterivelmente, em 28 de junho [&hellip;]<\/p>\n","protected":false},"author":246,"featured_media":213282,"comment_status":"closed","ping_status":"closed","sticky":false,"template":"","format":"standard","meta":{"footnotes":""},"categories":[436,261,439],"tags":[],"class_list":["post-213281","post","type-post","status-publish","format-standard","has-post-thumbnail","hentry","category-destaque-da-semana","category-economia","category-ultima-hora"],"_links":{"self":[{"href":"https:\/\/diarioregionaldigital.com.br\/index.php?rest_route=\/wp\/v2\/posts\/213281","targetHints":{"allow":["GET"]}}],"collection":[{"href":"https:\/\/diarioregionaldigital.com.br\/index.php?rest_route=\/wp\/v2\/posts"}],"about":[{"href":"https:\/\/diarioregionaldigital.com.br\/index.php?rest_route=\/wp\/v2\/types\/post"}],"author":[{"embeddable":true,"href":"https:\/\/diarioregionaldigital.com.br\/index.php?rest_route=\/wp\/v2\/users\/246"}],"replies":[{"embeddable":true,"href":"https:\/\/diarioregionaldigital.com.br\/index.php?rest_route=%2Fwp%2Fv2%2Fcomments&post=213281"}],"version-history":[{"count":1,"href":"https:\/\/diarioregionaldigital.com.br\/index.php?rest_route=\/wp\/v2\/posts\/213281\/revisions"}],"predecessor-version":[{"id":213283,"href":"https:\/\/diarioregionaldigital.com.br\/index.php?rest_route=\/wp\/v2\/posts\/213281\/revisions\/213283"}],"wp:featuredmedia":[{"embeddable":true,"href":"https:\/\/diarioregionaldigital.com.br\/index.php?rest_route=\/wp\/v2\/media\/213282"}],"wp:attachment":[{"href":"https:\/\/diarioregionaldigital.com.br\/index.php?rest_route=%2Fwp%2Fv2%2Fmedia&parent=213281"}],"wp:term":[{"taxonomy":"category","embeddable":true,"href":"https:\/\/diarioregionaldigital.com.br\/index.php?rest_route=%2Fwp%2Fv2%2Fcategories&post=213281"},{"taxonomy":"post_tag","embeddable":true,"href":"https:\/\/diarioregionaldigital.com.br\/index.php?rest_route=%2Fwp%2Fv2%2Ftags&post=213281"}],"curies":[{"name":"wp","href":"https:\/\/api.w.org\/{rel}","templated":true}]}}