{"id":213278,"date":"2023-05-03T23:13:45","date_gmt":"2023-05-04T02:13:45","guid":{"rendered":"https:\/\/diarioregionaldigital.com.br\/?p=213278"},"modified":"2023-05-03T23:13:45","modified_gmt":"2023-05-04T02:13:45","slug":"produto-interno-bruto-cresce-25-em-fevereiro","status":"publish","type":"post","link":"https:\/\/diarioregionaldigital.com.br\/?p=213278","title":{"rendered":"Produto Interno Bruto cresce 2,5% em fevereiro"},"content":{"rendered":"<p>O Produto Interno Bruto (PIB) brasileiro, que \u00e9 a soma de todos os bens e servi\u00e7os produzidos no pa\u00eds, cresceu 2,5% em fevereiro deste ano, na compara\u00e7\u00e3o com janeiro. O dado \u00e9 do Monitor do PIB, divulgado nesta quarta-feira (3) pela Funda\u00e7\u00e3o Getulio Vargas (FGV).<\/p>\n<p>Na compara\u00e7\u00e3o com fevereiro do ano passado, o crescimento chegou a 2,7%. Segundo a coordenadora da pesquisa, Juliana Trece, o crescimento da economia em fevereiro deveu-se, principalmente, \u00e0 atividade agropecu\u00e1ria. A ind\u00fastria e os servi\u00e7os tamb\u00e9m cresceram, ainda que de forma mais moderada.<\/p>\n<p>Na compara\u00e7\u00e3o do trimestre encerrado em fevereiro deste ano com o trimestre findo em fevereiro de 2021, houve alta de 2,7%, devido a crescimentos no consumo das fam\u00edlias (4,4%), na forma\u00e7\u00e3o bruta de capital fixo, isto \u00e9, os investimentos (2,4%), na exporta\u00e7\u00e3o de bens e servi\u00e7os (0,2%) e nas importa\u00e7\u00f5es (1,6%).<\/p>\n<p><span style=\"font-weight: 400;\">Fonte: Ag\u00eancia Brasil <\/span><\/p>\n","protected":false},"excerpt":{"rendered":"<p>O Produto Interno Bruto (PIB) brasileiro, que \u00e9 a soma de todos os bens e servi\u00e7os produzidos no pa\u00eds, cresceu 2,5% em fevereiro deste ano, na compara\u00e7\u00e3o com janeiro. O dado \u00e9 do Monitor do PIB, divulgado nesta quarta-feira (3) pela Funda\u00e7\u00e3o Getulio Vargas (FGV). Na compara\u00e7\u00e3o com fevereiro do ano passado, o crescimento chegou [&hellip;]<\/p>\n","protected":false},"author":246,"featured_media":213279,"comment_status":"closed","ping_status":"closed","sticky":false,"template":"","format":"standard","meta":{"footnotes":""},"categories":[436,440,261,439],"tags":[],"class_list":["post-213278","post","type-post","status-publish","format-standard","has-post-thumbnail","hentry","category-destaque-da-semana","category-destaques-do-dia","category-economia","category-ultima-hora"],"_links":{"self":[{"href":"https:\/\/diarioregionaldigital.com.br\/index.php?rest_route=\/wp\/v2\/posts\/213278","targetHints":{"allow":["GET"]}}],"collection":[{"href":"https:\/\/diarioregionaldigital.com.br\/index.php?rest_route=\/wp\/v2\/posts"}],"about":[{"href":"https:\/\/diarioregionaldigital.com.br\/index.php?rest_route=\/wp\/v2\/types\/post"}],"author":[{"embeddable":true,"href":"https:\/\/diarioregionaldigital.com.br\/index.php?rest_route=\/wp\/v2\/users\/246"}],"replies":[{"embeddable":true,"href":"https:\/\/diarioregionaldigital.com.br\/index.php?rest_route=%2Fwp%2Fv2%2Fcomments&post=213278"}],"version-history":[{"count":1,"href":"https:\/\/diarioregionaldigital.com.br\/index.php?rest_route=\/wp\/v2\/posts\/213278\/revisions"}],"predecessor-version":[{"id":213280,"href":"https:\/\/diarioregionaldigital.com.br\/index.php?rest_route=\/wp\/v2\/posts\/213278\/revisions\/213280"}],"wp:featuredmedia":[{"embeddable":true,"href":"https:\/\/diarioregionaldigital.com.br\/index.php?rest_route=\/wp\/v2\/media\/213279"}],"wp:attachment":[{"href":"https:\/\/diarioregionaldigital.com.br\/index.php?rest_route=%2Fwp%2Fv2%2Fmedia&parent=213278"}],"wp:term":[{"taxonomy":"category","embeddable":true,"href":"https:\/\/diarioregionaldigital.com.br\/index.php?rest_route=%2Fwp%2Fv2%2Fcategories&post=213278"},{"taxonomy":"post_tag","embeddable":true,"href":"https:\/\/diarioregionaldigital.com.br\/index.php?rest_route=%2Fwp%2Fv2%2Ftags&post=213278"}],"curies":[{"name":"wp","href":"https:\/\/api.w.org\/{rel}","templated":true}]}}