{"id":213259,"date":"2023-05-03T00:43:30","date_gmt":"2023-05-03T03:43:30","guid":{"rendered":"https:\/\/diarioregionaldigital.com.br\/?p=213259"},"modified":"2023-05-03T00:43:30","modified_gmt":"2023-05-03T03:43:30","slug":"natacao-brasileira-tem-20-atletas-com-indice-para-mundial-paralimpico","status":"publish","type":"post","link":"https:\/\/diarioregionaldigital.com.br\/?p=213259","title":{"rendered":"Nata\u00e7\u00e3o brasileira tem 20 atletas com \u00edndice para Mundial paral\u00edmpico"},"content":{"rendered":"<p>O Brasil tem 20 atletas com \u00edndice para o Campeonato Mundial de Nata\u00e7\u00e3o Paral\u00edmpica deste ano, a ser disputado em Manchester, no Reino Unido, entre 31 de julho e 6 de agosto. As marcas foram obtidas durante o Open Internacional, torneio organizado pelo Comit\u00ea Paral\u00edmpico Brasileiro (CPB) e que terminou no \u00faltimo s\u00e1bado (29).<\/p>\n<p>No \u00faltimo dos tr\u00eas dias de competi\u00e7\u00e3o, no Centro de Treinamento Paral\u00edmpico, em S\u00e3o Paulo, quatro \u00edndices foram alcan\u00e7ados, todos em classes em que os atletas t\u00eam defici\u00eancias f\u00edsico-motoras (quanto maior o n\u00famero da categoria, menor o grau de comprometimento).<\/p>\n<p>Bruno Becker (classe S2), Ed\u00eania Garcia e Maiara Barreto (ambas S3) se credenciaram ao Mundial nos 200 metros (m) nado livre, enquanto Daniel Mendes (S6) atingiu a marca nos 100 m livre.<\/p>\n<p>&#8220;\u00c9 uma sensa\u00e7\u00e3o indescrit\u00edvel conseguir a marca para o meu segundo mundial. O trabalho est\u00e1 sendo muito bem feito e aproveitado. Agora, vou me preparar com mais tranquilidade e focar nos detalhes, sem a press\u00e3o de ainda ter que buscar o \u00edndice&#8221;, disse Daniel, medalhista de ouro no Mundial do ano passado, em Funchal, em Portugal, no revezamento misto 4&#215;50 m livre 20 pontos (limite da soma das classes dos quatro atletas).<\/p>\n<h2>Recorde quebrado<\/h2>\n<p>Outro destaque de s\u00e1bado foi Carol Santiago. A nadadora da classe S12 (baixa vis\u00e3o), que j\u00e1 tinha alcan\u00e7ado \u00edndice para o Mundial na quinta-feira (27), primeiro dia de competi\u00e7\u00e3o, quebrou o recorde das Am\u00e9ricas &#8211; que j\u00e1 era dela &#8211; nos 100 m livre. Na sexta-feira (28), Carol igualou o pr\u00f3prio recorde mundial dos 50 m livre.<\/p>\n<p>A pr\u00f3xima oportunidade para os nadadores brasileiros buscarem \u00edndice para o Mundial de Manchester ser\u00e1 a 1\u00aa Fase Nacional do Circuito Loterias Caixa, entre os dias 20 e 21 de maio, tamb\u00e9m no CT Paral\u00edmpico. A convoca\u00e7\u00e3o para a competi\u00e7\u00e3o no Reino Unido est\u00e1 prevista para ocorrer entre a \u00faltima semana de maio e o in\u00edcio de junho.<\/p>\n<p>O Brasil teve 29 representantes no Mundial de Funchal, sendo que 26 deles foram ao p\u00f3dio. O desempenho foi o melhor do pa\u00eds na hist\u00f3ria do evento, com 53 medalhas (19 douradas) e o terceiro lugar na classifica\u00e7\u00e3o geral. Todos os nadadores que estiveram em Portugal integravam o Bolsa Atleta, programa de patroc\u00ednio individual de atletas, mantido pelo governo brasileiro.<\/p>\n<p><strong>Veja os brasileiros com \u00edndice para o Mundial de Manchester<\/strong><\/p>\n<p>S2: Gabriel Ara\u00fajo e Bruno Becker<\/p>\n<p>S3: Patr\u00edcia Pereira, Ed\u00eania Garcia e Maiara Barreto<\/p>\n<p>S5: Samuel Oliveira e Esthefany Rodrigues<\/p>\n<p>S6: Talisson Glock, Laila Suzigan e Daniel Mendes<\/p>\n<p>S8: Cec\u00edlia Ara\u00fajo<\/p>\n<p>S9: Mariana Gesteira e Ruan Souza<\/p>\n<p>S10: Phelipe Rodrigues<\/p>\n<p>S12: Carol Santiago e Douglas Matera<\/p>\n<p>S14: Gabriel Bandeira, D\u00e9bora Carneiro, Beatriz Carneiro e Jo\u00e3o Pedro Brutos<\/p>\n<p><span style=\"font-weight: 400;\">Fonte: Ag\u00eancia Brasil <\/span><\/p>\n","protected":false},"excerpt":{"rendered":"<p>O Brasil tem 20 atletas com \u00edndice para o Campeonato Mundial de Nata\u00e7\u00e3o Paral\u00edmpica deste ano, a ser disputado em Manchester, no Reino Unido, entre 31 de julho e 6 de agosto. As marcas foram obtidas durante o Open Internacional, torneio organizado pelo Comit\u00ea Paral\u00edmpico Brasileiro (CPB) e que terminou no \u00faltimo s\u00e1bado (29). No [&hellip;]<\/p>\n","protected":false},"author":246,"featured_media":213260,"comment_status":"closed","ping_status":"closed","sticky":false,"template":"","format":"standard","meta":{"footnotes":""},"categories":[436,257,439],"tags":[],"class_list":["post-213259","post","type-post","status-publish","format-standard","has-post-thumbnail","hentry","category-destaque-da-semana","category-esporte","category-ultima-hora"],"_links":{"self":[{"href":"https:\/\/diarioregionaldigital.com.br\/index.php?rest_route=\/wp\/v2\/posts\/213259","targetHints":{"allow":["GET"]}}],"collection":[{"href":"https:\/\/diarioregionaldigital.com.br\/index.php?rest_route=\/wp\/v2\/posts"}],"about":[{"href":"https:\/\/diarioregionaldigital.com.br\/index.php?rest_route=\/wp\/v2\/types\/post"}],"author":[{"embeddable":true,"href":"https:\/\/diarioregionaldigital.com.br\/index.php?rest_route=\/wp\/v2\/users\/246"}],"replies":[{"embeddable":true,"href":"https:\/\/diarioregionaldigital.com.br\/index.php?rest_route=%2Fwp%2Fv2%2Fcomments&post=213259"}],"version-history":[{"count":1,"href":"https:\/\/diarioregionaldigital.com.br\/index.php?rest_route=\/wp\/v2\/posts\/213259\/revisions"}],"predecessor-version":[{"id":213261,"href":"https:\/\/diarioregionaldigital.com.br\/index.php?rest_route=\/wp\/v2\/posts\/213259\/revisions\/213261"}],"wp:featuredmedia":[{"embeddable":true,"href":"https:\/\/diarioregionaldigital.com.br\/index.php?rest_route=\/wp\/v2\/media\/213260"}],"wp:attachment":[{"href":"https:\/\/diarioregionaldigital.com.br\/index.php?rest_route=%2Fwp%2Fv2%2Fmedia&parent=213259"}],"wp:term":[{"taxonomy":"category","embeddable":true,"href":"https:\/\/diarioregionaldigital.com.br\/index.php?rest_route=%2Fwp%2Fv2%2Fcategories&post=213259"},{"taxonomy":"post_tag","embeddable":true,"href":"https:\/\/diarioregionaldigital.com.br\/index.php?rest_route=%2Fwp%2Fv2%2Ftags&post=213259"}],"curies":[{"name":"wp","href":"https:\/\/api.w.org\/{rel}","templated":true}]}}