{"id":213256,"date":"2023-05-03T00:40:35","date_gmt":"2023-05-03T03:40:35","guid":{"rendered":"https:\/\/diarioregionaldigital.com.br\/?p=213256"},"modified":"2023-05-03T00:40:35","modified_gmt":"2023-05-03T03:40:35","slug":"com-direito-a-fla-flu-oitavas-da-copa-do-brasil-sao-definidas","status":"publish","type":"post","link":"https:\/\/diarioregionaldigital.com.br\/?p=213256","title":{"rendered":"Com direito a Fla-Flu, oitavas da Copa do Brasil s\u00e3o definidas"},"content":{"rendered":"<p>A Confedera\u00e7\u00e3o Brasileira de Futebol (CBF) realizou um sorteio, na tarde desta ter\u00e7a-feira (2), para definir os confrontos das oitavas de final da Copa do Brasil. Entre os encontros definidos o que mais chama a aten\u00e7\u00e3o \u00e9 o cl\u00e1ssico entre Flamengo e Fluminense, as duas equipes que decidiram a \u00faltima edi\u00e7\u00e3o do Campeonato Carioca.<\/p>\n<p>O atual campe\u00e3o brasileiro Palmeiras ter\u00e1 pela frente o Fortaleza, j\u00e1 o Atl\u00e9tico-MG medir\u00e1 for\u00e7as com o Corinthians. O Sport, \u00fanica equipe da S\u00e9rie B que ainda est\u00e1 viva na competi\u00e7\u00e3o, ter\u00e1 o S\u00e3o Paulo como advers\u00e1rio.<\/p>\n<p>O Cruzeiro, maior campe\u00e3o da hist\u00f3ria da Copa do Brasil (com seis conquistas), pega justamente o segundo maior vencedor do certame, o Gr\u00eamio (cinco vit\u00f3rias). O Botafogo, atual l\u00edder do Brasileiro, enfrenta o Athletico-PR.<\/p>\n<p>Completam as oitavas de final da Copa do Brasil: Am\u00e9rica-MG x Internacional e Santos x Bahia. Os 16 clubes classificados disputam o pr\u00eamio de R$ 4,3 milh\u00f5es para quem se garantir nas quartas de final. Os jogos das oitavas ser\u00e3o disputados nos dias 17 e 31 de maio.<\/p>\n<p><span style=\"font-weight: 400;\">Fonte: Ag\u00eancia Brasil <\/span><\/p>\n","protected":false},"excerpt":{"rendered":"<p>A Confedera\u00e7\u00e3o Brasileira de Futebol (CBF) realizou um sorteio, na tarde desta ter\u00e7a-feira (2), para definir os confrontos das oitavas de final da Copa do Brasil. Entre os encontros definidos o que mais chama a aten\u00e7\u00e3o \u00e9 o cl\u00e1ssico entre Flamengo e Fluminense, as duas equipes que decidiram a \u00faltima edi\u00e7\u00e3o do Campeonato Carioca. O [&hellip;]<\/p>\n","protected":false},"author":246,"featured_media":213257,"comment_status":"closed","ping_status":"closed","sticky":false,"template":"","format":"standard","meta":{"footnotes":""},"categories":[436,257,439],"tags":[],"class_list":["post-213256","post","type-post","status-publish","format-standard","has-post-thumbnail","hentry","category-destaque-da-semana","category-esporte","category-ultima-hora"],"_links":{"self":[{"href":"https:\/\/diarioregionaldigital.com.br\/index.php?rest_route=\/wp\/v2\/posts\/213256","targetHints":{"allow":["GET"]}}],"collection":[{"href":"https:\/\/diarioregionaldigital.com.br\/index.php?rest_route=\/wp\/v2\/posts"}],"about":[{"href":"https:\/\/diarioregionaldigital.com.br\/index.php?rest_route=\/wp\/v2\/types\/post"}],"author":[{"embeddable":true,"href":"https:\/\/diarioregionaldigital.com.br\/index.php?rest_route=\/wp\/v2\/users\/246"}],"replies":[{"embeddable":true,"href":"https:\/\/diarioregionaldigital.com.br\/index.php?rest_route=%2Fwp%2Fv2%2Fcomments&post=213256"}],"version-history":[{"count":1,"href":"https:\/\/diarioregionaldigital.com.br\/index.php?rest_route=\/wp\/v2\/posts\/213256\/revisions"}],"predecessor-version":[{"id":213258,"href":"https:\/\/diarioregionaldigital.com.br\/index.php?rest_route=\/wp\/v2\/posts\/213256\/revisions\/213258"}],"wp:featuredmedia":[{"embeddable":true,"href":"https:\/\/diarioregionaldigital.com.br\/index.php?rest_route=\/wp\/v2\/media\/213257"}],"wp:attachment":[{"href":"https:\/\/diarioregionaldigital.com.br\/index.php?rest_route=%2Fwp%2Fv2%2Fmedia&parent=213256"}],"wp:term":[{"taxonomy":"category","embeddable":true,"href":"https:\/\/diarioregionaldigital.com.br\/index.php?rest_route=%2Fwp%2Fv2%2Fcategories&post=213256"},{"taxonomy":"post_tag","embeddable":true,"href":"https:\/\/diarioregionaldigital.com.br\/index.php?rest_route=%2Fwp%2Fv2%2Ftags&post=213256"}],"curies":[{"name":"wp","href":"https:\/\/api.w.org\/{rel}","templated":true}]}}