{"id":213237,"date":"2023-05-03T00:26:11","date_gmt":"2023-05-03T03:26:11","guid":{"rendered":"https:\/\/diarioregionaldigital.com.br\/?p=213237"},"modified":"2023-05-03T00:26:11","modified_gmt":"2023-05-03T03:26:11","slug":"ato-no-gramado-do-congresso-lembra-vitimas-de-ataques-em-escolas","status":"publish","type":"post","link":"https:\/\/diarioregionaldigital.com.br\/?p=213237","title":{"rendered":"Ato no gramado do Congresso lembra v\u00edtimas de ataques em escolas"},"content":{"rendered":"<p>Mochilas foram posicionadas na manh\u00e3 desta ter\u00e7a-feira (2) no gramado do Congresso Nacional, em Bras\u00edlia, para homenagear v\u00edtimas de viol\u00eancia nas escolas. Segundo o movimento Avaaz, respons\u00e1vel pelo ato, 35 pessoas morreram desde 2012 em ataques registrados em col\u00e9gios no pa\u00eds.<\/p>\n<p>Uma pesquisa encomendada pelos organizadores do ato aponta que 93,7% dos brasileiros acreditam que as redes sociais n\u00e3o s\u00e3o seguras para crian\u00e7as e adolescentes, enquanto o que o Avaaz se refere como \u201cuma ampla maioria\u201d dos entrevistados acha que a falta de regula\u00e7\u00e3o contribuiu para os recentes ataques nas escolas.<\/p>\n<p>O ato ocorre no dia em que o Projeto de Lei 2630, popularmente conhecido como PL das Fake News, deve ser votado na C\u00e2mara dos Deputados. Na \u00faltima ter\u00e7a-feira (25), parlamentares aprovaram regime de urg\u00eancia para a mat\u00e9ria. Ainda resta d\u00favida, contudo, se h\u00e1 consenso entre l\u00edderes partid\u00e1rios para que o texto seja votado.<\/p>\n<h2>Responsabiliza\u00e7\u00e3o<\/h2>\n<p>O PL das fake news aguarda vota\u00e7\u00e3o dos deputados desde junho de 2020, quando foi aprovado pelo Senado.\u00a0O texto prev\u00ea a transpar\u00eancia de redes sociais e de servi\u00e7os de mensagens privadas, sobretudo quanto \u00e0 responsabilidade dos provedores no combate \u00e0 desinforma\u00e7\u00e3o. A proposta tamb\u00e9m determina o aumento da transpar\u00eancia em rela\u00e7\u00e3o a conte\u00fados patrocinados e \u00e0 atua\u00e7\u00e3o do poder p\u00fablico.<\/p>\n<p>A mat\u00e9ria estabelece pris\u00e3o de um a tr\u00eas anos e multa para quem promover ou financiar a dissemina\u00e7\u00e3o em massa de mensagens que contenham \u201cfato que se sabe inver\u00eddico\u201d e que possa comprometer a \u201chigidez\u201d do processo eleitoral ou causar dano \u00e0 integridade f\u00edsica. Al\u00e9m disso, as plataformas ter\u00e3o de publicar regularmente relat\u00f3rios semestrais de transpar\u00eancia com informa\u00e7\u00f5es sobre a modera\u00e7\u00e3o de conte\u00fado falso.<\/p>\n<p><span style=\"font-weight: 400;\">Fonte: Ag\u00eancia Brasil <\/span><\/p>\n","protected":false},"excerpt":{"rendered":"<p>Mochilas foram posicionadas na manh\u00e3 desta ter\u00e7a-feira (2) no gramado do Congresso Nacional, em Bras\u00edlia, para homenagear v\u00edtimas de viol\u00eancia nas escolas. Segundo o movimento Avaaz, respons\u00e1vel pelo ato, 35 pessoas morreram desde 2012 em ataques registrados em col\u00e9gios no pa\u00eds. Uma pesquisa encomendada pelos organizadores do ato aponta que 93,7% dos brasileiros acreditam que [&hellip;]<\/p>\n","protected":false},"author":246,"featured_media":213238,"comment_status":"closed","ping_status":"closed","sticky":false,"template":"","format":"standard","meta":{"footnotes":""},"categories":[436,440,254,439],"tags":[],"class_list":["post-213237","post","type-post","status-publish","format-standard","has-post-thumbnail","hentry","category-destaque-da-semana","category-destaques-do-dia","category-politica","category-ultima-hora"],"_links":{"self":[{"href":"https:\/\/diarioregionaldigital.com.br\/index.php?rest_route=\/wp\/v2\/posts\/213237","targetHints":{"allow":["GET"]}}],"collection":[{"href":"https:\/\/diarioregionaldigital.com.br\/index.php?rest_route=\/wp\/v2\/posts"}],"about":[{"href":"https:\/\/diarioregionaldigital.com.br\/index.php?rest_route=\/wp\/v2\/types\/post"}],"author":[{"embeddable":true,"href":"https:\/\/diarioregionaldigital.com.br\/index.php?rest_route=\/wp\/v2\/users\/246"}],"replies":[{"embeddable":true,"href":"https:\/\/diarioregionaldigital.com.br\/index.php?rest_route=%2Fwp%2Fv2%2Fcomments&post=213237"}],"version-history":[{"count":1,"href":"https:\/\/diarioregionaldigital.com.br\/index.php?rest_route=\/wp\/v2\/posts\/213237\/revisions"}],"predecessor-version":[{"id":213239,"href":"https:\/\/diarioregionaldigital.com.br\/index.php?rest_route=\/wp\/v2\/posts\/213237\/revisions\/213239"}],"wp:featuredmedia":[{"embeddable":true,"href":"https:\/\/diarioregionaldigital.com.br\/index.php?rest_route=\/wp\/v2\/media\/213238"}],"wp:attachment":[{"href":"https:\/\/diarioregionaldigital.com.br\/index.php?rest_route=%2Fwp%2Fv2%2Fmedia&parent=213237"}],"wp:term":[{"taxonomy":"category","embeddable":true,"href":"https:\/\/diarioregionaldigital.com.br\/index.php?rest_route=%2Fwp%2Fv2%2Fcategories&post=213237"},{"taxonomy":"post_tag","embeddable":true,"href":"https:\/\/diarioregionaldigital.com.br\/index.php?rest_route=%2Fwp%2Fv2%2Ftags&post=213237"}],"curies":[{"name":"wp","href":"https:\/\/api.w.org\/{rel}","templated":true}]}}