{"id":213218,"date":"2023-04-30T06:00:39","date_gmt":"2023-04-30T09:00:39","guid":{"rendered":"https:\/\/diarioregionaldigital.com.br\/?p=213218"},"modified":"2023-04-29T01:16:07","modified_gmt":"2023-04-29T04:16:07","slug":"heloisa-agora-e-imortal","status":"publish","type":"post","link":"https:\/\/diarioregionaldigital.com.br\/?p=213218","title":{"rendered":"Helo\u00edsa agora \u00e9 imortal"},"content":{"rendered":"<p>Na casa de Machado de Assis, em recente vota\u00e7\u00e3o, ningu\u00e9m estranhou a quantidade de votos obtidos pela escritora, cr\u00edtica liter\u00e1ria a ensa\u00edsta Helo\u00edsa Buarque de Hollanda: 34 votos, quase a totalidade dos imortais existentes.<\/p>\n<p>Na vaga n\u00ba 30, que foi lindamente ocupada por N\u00e9lida Pi\u00f1on, a primeira mulher a ser presidente da Academia (fui o seu Secret\u00e1rio-Geral), Helo\u00edsa \u00e9 uma das principais formuladoras e compiladoras do pensamento feminista brasileiro. \u00c9 a d\u00e9cima mulher imortal da ABL.<\/p>\n<p>A vota\u00e7\u00e3o, pela primeira vez, aconteceu utilizando urnas eletr\u00f4nicas. Consagrou a autora da colet\u00e2nea \u201c26 Poetas Hoje\u201d e premiou a professora em\u00e9rita da Universidade Federal do Rio de Janeiro, institui\u00e7\u00e3o na qual fez o seu doutorado em literatura brasileira.<\/p>\n<p>Conheci Helo\u00edsa por interm\u00e9dio da minha madrinha Rachel de Queiroz. Elas eram muito amigas e, na casa de Rachel, no Leblon, tivemos a oportunidade de um encontro que ficou marcado para sempre.<\/p>\n<p>Com a morte de N\u00e9lida Pi\u00f1on, aos 85 anos de vida, abriu-se a vaga na qual Helo\u00edsa Buarque de Hollanda\u00a0 foi eleita. No dia da comemora\u00e7\u00e3o, em Copacabana, ela contou que era prima do cantor Chico Buarque. Com muito orgulho.<\/p>\n<p>S\u00e3o suas palavras: \u201ca\u00a0 ABL \u00e9 uma institui\u00e7\u00e3o muito poderosa, de muito respeito e prest\u00edgio. Est\u00e1 num momento de abertura, o que muito me encanta. Prometo trabalhar muito na institui\u00e7\u00e3o.\u201d<\/p>\n<p>Depois, lembrou suas rela\u00e7\u00f5es com N\u00e9lida: \u201cEra muito sua amiga, freq\u00fcentava bastante a sua casa. Vou procurar dar continuidade ao seu trabalho, de defesa da literatura e das mulheres.\u201d N\u00e3o deixou de citar o que hoje a ABL faz pela literatura, particularmente pelos jovens e os escritores das periferias. Da\u00ed ter lan\u00e7ado diversos autores dessas regi\u00f5es.<\/p>\n<p>O\u00a0 presidente Merval Pereira destacou aspectos da sua personalidade, a paix\u00e3o pelo feminismo, onde pesquisou bastante.<\/p>\n<p>Helo\u00edsa \u00e9 formada em Letras Cl\u00e1ssicas pela PUC\/Rio e tem mestrado e doutorado em Literatura pela UFRJ. E tem p\u00f3s-doutorado em Sociologia da Cultura na Universidade de Col\u00fambia (USA). Hoje, coordena o Laborat\u00f3rio de Tecnologias Sociais, no projeto Universidade das Quebradas. Um dos seus \u00faltimos livros \u00e9 \u201cO feminismo como cr\u00edtica da cultura\u201d, lan\u00e7ado em 10994. E lan\u00e7ou a cole\u00e7\u00e3o Pensamento Feminista, em 2020. Como se v\u00ea, uma escritora altamente qualificada.<\/p>\n","protected":false},"excerpt":{"rendered":"<p>Na casa de Machado de Assis, em recente vota\u00e7\u00e3o, ningu\u00e9m estranhou a quantidade de votos obtidos pela escritora, cr\u00edtica liter\u00e1ria a ensa\u00edsta Helo\u00edsa Buarque de Hollanda: 34 votos, quase a totalidade dos imortais existentes. Na vaga n\u00ba 30, que foi lindamente ocupada por N\u00e9lida Pi\u00f1on, a primeira mulher a ser presidente da Academia (fui o [&hellip;]<\/p>\n","protected":false},"author":96,"featured_media":0,"comment_status":"closed","ping_status":"closed","sticky":false,"template":"","format":"standard","meta":{"footnotes":""},"categories":[275],"tags":[],"class_list":["post-213218","post","type-post","status-publish","format-standard","hentry","category-arnaldo-niskier"],"_links":{"self":[{"href":"https:\/\/diarioregionaldigital.com.br\/index.php?rest_route=\/wp\/v2\/posts\/213218","targetHints":{"allow":["GET"]}}],"collection":[{"href":"https:\/\/diarioregionaldigital.com.br\/index.php?rest_route=\/wp\/v2\/posts"}],"about":[{"href":"https:\/\/diarioregionaldigital.com.br\/index.php?rest_route=\/wp\/v2\/types\/post"}],"author":[{"embeddable":true,"href":"https:\/\/diarioregionaldigital.com.br\/index.php?rest_route=\/wp\/v2\/users\/96"}],"replies":[{"embeddable":true,"href":"https:\/\/diarioregionaldigital.com.br\/index.php?rest_route=%2Fwp%2Fv2%2Fcomments&post=213218"}],"version-history":[{"count":1,"href":"https:\/\/diarioregionaldigital.com.br\/index.php?rest_route=\/wp\/v2\/posts\/213218\/revisions"}],"predecessor-version":[{"id":213219,"href":"https:\/\/diarioregionaldigital.com.br\/index.php?rest_route=\/wp\/v2\/posts\/213218\/revisions\/213219"}],"wp:attachment":[{"href":"https:\/\/diarioregionaldigital.com.br\/index.php?rest_route=%2Fwp%2Fv2%2Fmedia&parent=213218"}],"wp:term":[{"taxonomy":"category","embeddable":true,"href":"https:\/\/diarioregionaldigital.com.br\/index.php?rest_route=%2Fwp%2Fv2%2Fcategories&post=213218"},{"taxonomy":"post_tag","embeddable":true,"href":"https:\/\/diarioregionaldigital.com.br\/index.php?rest_route=%2Fwp%2Fv2%2Ftags&post=213218"}],"curies":[{"name":"wp","href":"https:\/\/api.w.org\/{rel}","templated":true}]}}