{"id":213200,"date":"2023-04-28T20:09:42","date_gmt":"2023-04-28T23:09:42","guid":{"rendered":"https:\/\/diarioregionaldigital.com.br\/?p=213200"},"modified":"2023-04-28T20:09:42","modified_gmt":"2023-04-28T23:09:42","slug":"pjf-disponibiliza-onibus-extra-para-classico-tupi-x-tupynambas-no-estadio-municipal","status":"publish","type":"post","link":"https:\/\/diarioregionaldigital.com.br\/?p=213200","title":{"rendered":"PJF disponibiliza \u00f4nibus extra para cl\u00e1ssico Tupi X Tupynamb\u00e1s no Est\u00e1dio Municipal"},"content":{"rendered":"<p>Segundo informa\u00e7\u00f5es do site da Prefeitura de Juiz de Fora (PJF), neste s\u00e1bado, 29, \u00e0s 15h30,acontecer\u00e1 a disputa entre as equipes do Tupi e do Tupynamb\u00e1s, no Est\u00e1dio Municipal Radialista M\u00e1rio Hel\u00eanio. Devido \u00e0 partida, visando melhor atender aos torcedores, a Secretaria de Mobilidade Urbana (SMU) da Prefeitura de Juiz de Fora (PJF) montou um sistema de atendimento extra de transporte coletivo urbano. Para cada torcida ser\u00e1 disponibilizada uma linha com embarque de locais diferentes<\/p>\n<p><strong>Confira os hor\u00e1rios e itiner\u00e1rios:\u00a0<\/strong><br \/>\n<strong>Linha 517 &#8211; Est\u00e1dio:<\/strong>\u00a0<strong>Torcedores TUPYNAMB\u00c1S P\u00f3rtico 1\u00a0<\/strong><\/p>\n<p><strong>Hor\u00e1rio de sa\u00edda sentido Centro\/Est\u00e1dio<\/strong>\u00a0 &#8211; 13h45 e 14h45<\/p>\n<p>Itiner\u00e1rio Centro\/Est\u00e1dio: Av. Get\u00falio Vargas esquina com Rua S\u00e3o Jo\u00e3o, Av. Pres. Itamar Franco, Av. Dr. Paulo Japiass\u00fa Coelho, Av. Deusdedith Salgado, Av. Pref. Mello Reis, Av. Eug\u00eanio do Nascimento, Rua Jos\u00e9 Appol\u00f4nio dos Reis n\u00ba 151 \u2013 (ponto final).<\/p>\n<p><strong>Hor\u00e1rio de sa\u00edda sentido Est\u00e1dio\/Centr<\/strong>o &#8211; 14h15 e 15h15<\/p>\n<p>Itiner\u00e1rio Est\u00e1dio\/Centro: Rua Jos\u00e9 Appol\u00f4nio dos Reis n\u00ba 151 \u2013 (ponto final), Rua Paulo Botti, Av. Eug\u00eanio do Nascimento, Av. Pref. Mello Reis, Av. Deusdedith Salgado, Av. Dr. Paulo Japiass\u00fa Coelho, Av. Pres. Itamar Franco, Rua Dr. Paulo Frontin, Rua Halfeld, Av. Get\u00falio Vargas esquina com Rua S\u00e3o Jo\u00e3o &#8211; (ponto final).<\/p>\n<p><strong>Linha 280 &#8211; Est\u00e1dio: Torcedores TUPI P\u00f3rtico 3<\/p>\n<p>Hor\u00e1rio de sa\u00edda sentido Centro\/Est\u00e1dio<\/strong>\u00a0 &#8211; 13h45 e 14h45<\/p>\n<p>Itiner\u00e1rio Centro\/Est\u00e1dio: Av. Pres. Itamar Franco, 992 (em frente ao Procon), Av. Eug\u00eanio do Nascimento, Av. Eng. Waldir Pedro Manachesi, Rua Francisco Fayer Sobrinho, Av. Eug\u00eanio do Nascimento n\u00ba 232 &#8211; oposto &#8211; (ponto final).<\/p>\n<p><strong>Hor\u00e1rio de sa\u00edda sentido Est\u00e1dio\/Centro &#8211;\u00a0<\/strong>14h15 e 15h15<\/p>\n<p>Itiner\u00e1rio Est\u00e1dio\/Centro: Av. Eug\u00eanio do Nascimento n\u00ba 232 &#8211; oposto (ponto final)., Av. Pres. Itamar Franco, Av. Brasil (M.D.), Ponte Nelson Silva, Av. Brasil (M.E.), Ponte Ant\u00f4nio Carlos, Av. Pres. Itamar Franco, 992 (em frente ao Procon &#8211; ponto final).<\/p>\n<p>Os \u00f4nibus disponibilizados para as duas torcidas v\u00e3o aguardar os torcedores at\u00e9 o t\u00e9rmino do jogo para retornar.<\/p>\n","protected":false},"excerpt":{"rendered":"<p>Segundo informa\u00e7\u00f5es do site da Prefeitura de Juiz de Fora (PJF), neste s\u00e1bado, 29, \u00e0s 15h30,acontecer\u00e1 a disputa entre as equipes do Tupi e do Tupynamb\u00e1s, no Est\u00e1dio Municipal Radialista M\u00e1rio Hel\u00eanio. Devido \u00e0 partida, visando melhor atender aos torcedores, a Secretaria de Mobilidade Urbana (SMU) da Prefeitura de Juiz de Fora (PJF) montou um [&hellip;]<\/p>\n","protected":false},"author":246,"featured_media":213201,"comment_status":"closed","ping_status":"closed","sticky":false,"template":"","format":"standard","meta":{"footnotes":""},"categories":[253,436,440,439],"tags":[],"class_list":["post-213200","post","type-post","status-publish","format-standard","has-post-thumbnail","hentry","category-cidade","category-destaque-da-semana","category-destaques-do-dia","category-ultima-hora"],"_links":{"self":[{"href":"https:\/\/diarioregionaldigital.com.br\/index.php?rest_route=\/wp\/v2\/posts\/213200","targetHints":{"allow":["GET"]}}],"collection":[{"href":"https:\/\/diarioregionaldigital.com.br\/index.php?rest_route=\/wp\/v2\/posts"}],"about":[{"href":"https:\/\/diarioregionaldigital.com.br\/index.php?rest_route=\/wp\/v2\/types\/post"}],"author":[{"embeddable":true,"href":"https:\/\/diarioregionaldigital.com.br\/index.php?rest_route=\/wp\/v2\/users\/246"}],"replies":[{"embeddable":true,"href":"https:\/\/diarioregionaldigital.com.br\/index.php?rest_route=%2Fwp%2Fv2%2Fcomments&post=213200"}],"version-history":[{"count":1,"href":"https:\/\/diarioregionaldigital.com.br\/index.php?rest_route=\/wp\/v2\/posts\/213200\/revisions"}],"predecessor-version":[{"id":213202,"href":"https:\/\/diarioregionaldigital.com.br\/index.php?rest_route=\/wp\/v2\/posts\/213200\/revisions\/213202"}],"wp:featuredmedia":[{"embeddable":true,"href":"https:\/\/diarioregionaldigital.com.br\/index.php?rest_route=\/wp\/v2\/media\/213201"}],"wp:attachment":[{"href":"https:\/\/diarioregionaldigital.com.br\/index.php?rest_route=%2Fwp%2Fv2%2Fmedia&parent=213200"}],"wp:term":[{"taxonomy":"category","embeddable":true,"href":"https:\/\/diarioregionaldigital.com.br\/index.php?rest_route=%2Fwp%2Fv2%2Fcategories&post=213200"},{"taxonomy":"post_tag","embeddable":true,"href":"https:\/\/diarioregionaldigital.com.br\/index.php?rest_route=%2Fwp%2Fv2%2Ftags&post=213200"}],"curies":[{"name":"wp","href":"https:\/\/api.w.org\/{rel}","templated":true}]}}