{"id":213197,"date":"2023-04-28T20:01:13","date_gmt":"2023-04-28T23:01:13","guid":{"rendered":"https:\/\/diarioregionaldigital.com.br\/?p=213197"},"modified":"2023-04-28T20:01:13","modified_gmt":"2023-04-28T23:01:13","slug":"sete-brasileiros-garantem-indice-para-o-mundial-de-natacao-paralimpica","status":"publish","type":"post","link":"https:\/\/diarioregionaldigital.com.br\/?p=213197","title":{"rendered":"Sete brasileiros garantem \u00edndice para o Mundial de nata\u00e7\u00e3o paral\u00edmpica"},"content":{"rendered":"<p>Sete brasileiros garantiram, nesta quinta-feira (27), \u00edndice para participarem do Mundial de nata\u00e7\u00e3o paral\u00edmpica que ser\u00e1 disputado em Manchester (Inglaterra). As vagas foram alcan\u00e7adas durante o Open Internacional da modalidade, que \u00e9 disputado no Centro de Treinamento Paral\u00edmpico, em S\u00e3o Paulo, at\u00e9 o pr\u00f3ximo s\u00e1bado (29).<\/p>\n<p>Os atletas que conseguiram carimbar a vaga no Mundial foram os campe\u00f5es paral\u00edmpicos Carol Santiago, da classe S12 (baixa vis\u00e3o), Gabriel Ara\u00fajo, da classe S2 (defici\u00eancias e limita\u00e7\u00f5es f\u00edsicas severas), Gabriel Bandeira, da classe S14 (defici\u00eancia intelectual), e Talisson Glock, da classe S6 (comprometimentos f\u00edsico-motores). Tamb\u00e9m se garantiam os campe\u00f5es mundiais Cec\u00edlia Ara\u00fajo, da classe S8 (comprometimentos f\u00edsico-motores), Douglas Matera, da classe S12, e Samuel de Oliveira, da classe S5 (comprometimentos f\u00edsico-motores).<\/p>\n<p>\u201cEstou realizada em perceber que os treinos est\u00e3o dando resultados. Vejo que consigo ser competitiva internacionalmente, al\u00e9m dos 50 metros livre, que \u00e9 a minha principal prova\u201d, declarou a potiguar Cec\u00edlia Ara\u00fajo, de 24 anos, que atingiu a marca para o quarto Mundial de sua carreira.<\/p>\n<p>Nos dias 20 e 21 de maio o Comit\u00ea Paral\u00edmpico Brasileiro (CPB) organizar\u00e1 a 1\u00aa Fase Nacional do Circuito Loterias Caixa de nata\u00e7\u00e3o 2023, que ser\u00e1 a \u00faltima oportunidade para os brasileiros garantirem \u00edndices para o Mundial.<\/p>\n<p><span style=\"font-weight: 400;\">Fonte: Ag\u00eancia Brasil <\/span><\/p>\n","protected":false},"excerpt":{"rendered":"<p>Sete brasileiros garantiram, nesta quinta-feira (27), \u00edndice para participarem do Mundial de nata\u00e7\u00e3o paral\u00edmpica que ser\u00e1 disputado em Manchester (Inglaterra). As vagas foram alcan\u00e7adas durante o Open Internacional da modalidade, que \u00e9 disputado no Centro de Treinamento Paral\u00edmpico, em S\u00e3o Paulo, at\u00e9 o pr\u00f3ximo s\u00e1bado (29). Os atletas que conseguiram carimbar a vaga no Mundial [&hellip;]<\/p>\n","protected":false},"author":246,"featured_media":213198,"comment_status":"closed","ping_status":"closed","sticky":false,"template":"","format":"standard","meta":{"footnotes":""},"categories":[436,257,439],"tags":[],"class_list":["post-213197","post","type-post","status-publish","format-standard","has-post-thumbnail","hentry","category-destaque-da-semana","category-esporte","category-ultima-hora"],"_links":{"self":[{"href":"https:\/\/diarioregionaldigital.com.br\/index.php?rest_route=\/wp\/v2\/posts\/213197","targetHints":{"allow":["GET"]}}],"collection":[{"href":"https:\/\/diarioregionaldigital.com.br\/index.php?rest_route=\/wp\/v2\/posts"}],"about":[{"href":"https:\/\/diarioregionaldigital.com.br\/index.php?rest_route=\/wp\/v2\/types\/post"}],"author":[{"embeddable":true,"href":"https:\/\/diarioregionaldigital.com.br\/index.php?rest_route=\/wp\/v2\/users\/246"}],"replies":[{"embeddable":true,"href":"https:\/\/diarioregionaldigital.com.br\/index.php?rest_route=%2Fwp%2Fv2%2Fcomments&post=213197"}],"version-history":[{"count":1,"href":"https:\/\/diarioregionaldigital.com.br\/index.php?rest_route=\/wp\/v2\/posts\/213197\/revisions"}],"predecessor-version":[{"id":213199,"href":"https:\/\/diarioregionaldigital.com.br\/index.php?rest_route=\/wp\/v2\/posts\/213197\/revisions\/213199"}],"wp:featuredmedia":[{"embeddable":true,"href":"https:\/\/diarioregionaldigital.com.br\/index.php?rest_route=\/wp\/v2\/media\/213198"}],"wp:attachment":[{"href":"https:\/\/diarioregionaldigital.com.br\/index.php?rest_route=%2Fwp%2Fv2%2Fmedia&parent=213197"}],"wp:term":[{"taxonomy":"category","embeddable":true,"href":"https:\/\/diarioregionaldigital.com.br\/index.php?rest_route=%2Fwp%2Fv2%2Fcategories&post=213197"},{"taxonomy":"post_tag","embeddable":true,"href":"https:\/\/diarioregionaldigital.com.br\/index.php?rest_route=%2Fwp%2Fv2%2Ftags&post=213197"}],"curies":[{"name":"wp","href":"https:\/\/api.w.org\/{rel}","templated":true}]}}