{"id":213184,"date":"2023-04-28T19:43:22","date_gmt":"2023-04-28T22:43:22","guid":{"rendered":"https:\/\/diarioregionaldigital.com.br\/?p=213184"},"modified":"2023-04-28T19:43:22","modified_gmt":"2023-04-28T22:43:22","slug":"moraes-pede-avaliacao-sobre-transferencia-de-torres-para-hospital","status":"publish","type":"post","link":"https:\/\/diarioregionaldigital.com.br\/?p=213184","title":{"rendered":"Moraes pede avalia\u00e7\u00e3o sobre transfer\u00eancia de Torres para hospital"},"content":{"rendered":"<p>O ministro Alexandre de Moraes, do Supremo Tribunal Federal (STF), determinou, nesta sexta-feira (28), que a Secretaria de Administra\u00e7\u00e3o Penitenci\u00e1ria do Distrito Federal (DF) informe, no prazo de 48 horas, \u00a0se recomenda a transfer\u00eancia do ex-ministro da Justi\u00e7a Anderson Torres para um hospital penitenci\u00e1rio.<\/p>\n<p>Na mesma decis\u00e3o, Moraes pediu que seja informado se Batalh\u00e3o de Avia\u00e7\u00e3o Operacional da Policia Militar, onde Torres est\u00e1 preso, tem condi\u00e7\u00f5es de garantir a sa\u00fade do ex-ministro e ex-secret\u00e1rio de Seguran\u00e7a do DF.<\/p>\n<p>A decis\u00e3o foi proferida ap\u00f3s a defesa do ex-ministro atribuir a &#8220;lapsos de mem\u00f3ria&#8221; a entrega senhas inv\u00e1lidas do celular e do armazenamento em nuvem para a investiga\u00e7\u00e3o da Pol\u00edcia Federal (PF) que apura os atos golpistas de 8 de janeiro.<\/p>\n<p>Segundo a defesa, devido \u00e0 gravidade do quadro ps\u00edquico e aos medicamentos que ele est\u00e1 tomando, \u00e9 poss\u00edvel que &#8220;as senhas tenham sido fornecidas equivocadamente, dado o seu grau de comprometimento cognitivo&#8221;.<\/p>\n<p>&#8220;Tendo em vista o atual estado mental do requerente, com lapsos frequentes de mem\u00f3ria e dificuldade cognitiva, a confirma\u00e7\u00e3o da validade das senhas, na hodierna conjuntura, revela-se sobremaneira dificultosa, justificou a defesa.<\/p>\n<p>Mais cedo, no habeas corpus que foi rejeitado pelo ministro Lu\u00eds Roberto Barroso, os advogados citaram &#8220;risco de suic\u00eddio&#8221; na manuten\u00e7\u00e3o de Torres na pris\u00e3o.<\/p>\n<p>De acordo com a defesa, laudos m\u00e9dicos elaborados ap\u00f3s exames feitos na pris\u00e3o mostram que Torres apresenta crises de ansiedade, fala palavras sem nexo e se diz &#8220;desanimado com a manuten\u00e7\u00e3o de sua vida&#8221;.<\/p>\n<p>Torres est\u00e1 preso desde 14 de janeiro. O ex-ministro \u00e9 investigado no inqu\u00e9rito do STF que apura sua suposta omiss\u00e3o na conten\u00e7\u00e3o dos atos golpistas de 8 de janeiro. Na ocasi\u00e3o, ele estava \u00e0 frente da Secretaria de Seguran\u00e7a do Distrito Federal.<\/p>\n<p><span style=\"font-weight: 400;\">Fonte: Ag\u00eancia Brasil <\/span><\/p>\n","protected":false},"excerpt":{"rendered":"<p>O ministro Alexandre de Moraes, do Supremo Tribunal Federal (STF), determinou, nesta sexta-feira (28), que a Secretaria de Administra\u00e7\u00e3o Penitenci\u00e1ria do Distrito Federal (DF) informe, no prazo de 48 horas, \u00a0se recomenda a transfer\u00eancia do ex-ministro da Justi\u00e7a Anderson Torres para um hospital penitenci\u00e1rio. Na mesma decis\u00e3o, Moraes pediu que seja informado se Batalh\u00e3o de [&hellip;]<\/p>\n","protected":false},"author":246,"featured_media":213185,"comment_status":"closed","ping_status":"closed","sticky":false,"template":"","format":"standard","meta":{"footnotes":""},"categories":[436,254,439],"tags":[],"class_list":["post-213184","post","type-post","status-publish","format-standard","has-post-thumbnail","hentry","category-destaque-da-semana","category-politica","category-ultima-hora"],"_links":{"self":[{"href":"https:\/\/diarioregionaldigital.com.br\/index.php?rest_route=\/wp\/v2\/posts\/213184","targetHints":{"allow":["GET"]}}],"collection":[{"href":"https:\/\/diarioregionaldigital.com.br\/index.php?rest_route=\/wp\/v2\/posts"}],"about":[{"href":"https:\/\/diarioregionaldigital.com.br\/index.php?rest_route=\/wp\/v2\/types\/post"}],"author":[{"embeddable":true,"href":"https:\/\/diarioregionaldigital.com.br\/index.php?rest_route=\/wp\/v2\/users\/246"}],"replies":[{"embeddable":true,"href":"https:\/\/diarioregionaldigital.com.br\/index.php?rest_route=%2Fwp%2Fv2%2Fcomments&post=213184"}],"version-history":[{"count":1,"href":"https:\/\/diarioregionaldigital.com.br\/index.php?rest_route=\/wp\/v2\/posts\/213184\/revisions"}],"predecessor-version":[{"id":213186,"href":"https:\/\/diarioregionaldigital.com.br\/index.php?rest_route=\/wp\/v2\/posts\/213184\/revisions\/213186"}],"wp:featuredmedia":[{"embeddable":true,"href":"https:\/\/diarioregionaldigital.com.br\/index.php?rest_route=\/wp\/v2\/media\/213185"}],"wp:attachment":[{"href":"https:\/\/diarioregionaldigital.com.br\/index.php?rest_route=%2Fwp%2Fv2%2Fmedia&parent=213184"}],"wp:term":[{"taxonomy":"category","embeddable":true,"href":"https:\/\/diarioregionaldigital.com.br\/index.php?rest_route=%2Fwp%2Fv2%2Fcategories&post=213184"},{"taxonomy":"post_tag","embeddable":true,"href":"https:\/\/diarioregionaldigital.com.br\/index.php?rest_route=%2Fwp%2Fv2%2Ftags&post=213184"}],"curies":[{"name":"wp","href":"https:\/\/api.w.org\/{rel}","templated":true}]}}