{"id":213181,"date":"2023-04-28T19:40:58","date_gmt":"2023-04-28T22:40:58","guid":{"rendered":"https:\/\/diarioregionaldigital.com.br\/?p=213181"},"modified":"2023-04-28T19:40:58","modified_gmt":"2023-04-28T22:40:58","slug":"defesa-de-torres-alega-lapso-de-memoria-para-justificar-senhas-erradas","status":"publish","type":"post","link":"https:\/\/diarioregionaldigital.com.br\/?p=213181","title":{"rendered":"Defesa de Torres alega lapso de mem\u00f3ria para justificar senhas erradas"},"content":{"rendered":"<p>A defesa do ex-ministro Anderson Torres apresentou, nesta sexta-feira (28), ao Alexandre de Moraes, do Supremo Tribunal Federal (STF), uma justificativa por ter fornecido senhas inv\u00e1lidas do celular e do armazenamento em nuvem para a investiga\u00e7\u00e3o da Pol\u00edcia Federal (PF) que apura os atos golpistas de 8 de janeiro.<\/p>\n<p>Mais cedo, Moraes determinou que a defesa apresentasse, em 48 horas, a justificativa para o fornecimento incorreto das senhas.<\/p>\n<p>Os advogados citaram o estado de sa\u00fade de Torres na pris\u00e3o e atribu\u00edram o fato a &#8220;lapsos de mem\u00f3ria&#8221;. Segundo a defesa, devido \u00e0 gravidade do quatro ps\u00edquico e aos medicamentos que ele est\u00e1 tomando, \u00e9 poss\u00edvel que &#8220;as senhas tenham sido fornecidas equivocadamente, dado o seu grau de comprometimento cognitivo&#8221;.<\/p>\n<p>&#8220;Tendo em vista o atual estado mental do requerente, com lapsos frequentes de mem\u00f3ria e dificuldade cognitiva, a confirma\u00e7\u00e3o da validade das senhas, na hodierna conjuntura, revela-se sobremaneira dificultosa\u201d, justificou a defesa.<\/p>\n<p>Os advogados tamb\u00e9m sugeriram a Moraes que a senha seja solicitada aos provedores de internet. &#8220;A despeito disso, no af\u00e3 de contribuir e para afastar qualquer especula\u00e7\u00e3o acerca da validade das senhas fornecidas, a defesa requer a Vossa Excel\u00eancia que expe\u00e7a of\u00edcio \u00e0 Apple e ao provedor Uol, para que estes disponibilizem \u00e0 Pol\u00edcia Federal todos os dados referentes \u00e0 nuvem e ao e-mail pessoal do peticion\u00e1rio&#8221;, concluiu a defesa.<\/p>\n<p>Torres est\u00e1 preso desde 14 de janeiro em fun\u00e7\u00e3o das investiga\u00e7\u00f5es sobre os atos golpistas ocorridos no dia 8 daquele m\u00eas. Na ocasi\u00e3o, ele estava \u00e0 frente da Secretaria de Seguran\u00e7a do Distrito Federal. O inqu\u00e9rito no STF apura suposta omiss\u00e3o na conten\u00e7\u00e3o dos atos.<\/p>\n<p><span style=\"font-weight: 400;\"><br \/>\n<\/span><span style=\"font-weight: 400;\">Fonte: Ag\u00eancia Brasil <\/span><\/p>\n","protected":false},"excerpt":{"rendered":"<p>A defesa do ex-ministro Anderson Torres apresentou, nesta sexta-feira (28), ao Alexandre de Moraes, do Supremo Tribunal Federal (STF), uma justificativa por ter fornecido senhas inv\u00e1lidas do celular e do armazenamento em nuvem para a investiga\u00e7\u00e3o da Pol\u00edcia Federal (PF) que apura os atos golpistas de 8 de janeiro. Mais cedo, Moraes determinou que a [&hellip;]<\/p>\n","protected":false},"author":246,"featured_media":213182,"comment_status":"closed","ping_status":"closed","sticky":false,"template":"","format":"standard","meta":{"footnotes":""},"categories":[436,254,439],"tags":[],"class_list":["post-213181","post","type-post","status-publish","format-standard","has-post-thumbnail","hentry","category-destaque-da-semana","category-politica","category-ultima-hora"],"_links":{"self":[{"href":"https:\/\/diarioregionaldigital.com.br\/index.php?rest_route=\/wp\/v2\/posts\/213181","targetHints":{"allow":["GET"]}}],"collection":[{"href":"https:\/\/diarioregionaldigital.com.br\/index.php?rest_route=\/wp\/v2\/posts"}],"about":[{"href":"https:\/\/diarioregionaldigital.com.br\/index.php?rest_route=\/wp\/v2\/types\/post"}],"author":[{"embeddable":true,"href":"https:\/\/diarioregionaldigital.com.br\/index.php?rest_route=\/wp\/v2\/users\/246"}],"replies":[{"embeddable":true,"href":"https:\/\/diarioregionaldigital.com.br\/index.php?rest_route=%2Fwp%2Fv2%2Fcomments&post=213181"}],"version-history":[{"count":1,"href":"https:\/\/diarioregionaldigital.com.br\/index.php?rest_route=\/wp\/v2\/posts\/213181\/revisions"}],"predecessor-version":[{"id":213183,"href":"https:\/\/diarioregionaldigital.com.br\/index.php?rest_route=\/wp\/v2\/posts\/213181\/revisions\/213183"}],"wp:featuredmedia":[{"embeddable":true,"href":"https:\/\/diarioregionaldigital.com.br\/index.php?rest_route=\/wp\/v2\/media\/213182"}],"wp:attachment":[{"href":"https:\/\/diarioregionaldigital.com.br\/index.php?rest_route=%2Fwp%2Fv2%2Fmedia&parent=213181"}],"wp:term":[{"taxonomy":"category","embeddable":true,"href":"https:\/\/diarioregionaldigital.com.br\/index.php?rest_route=%2Fwp%2Fv2%2Fcategories&post=213181"},{"taxonomy":"post_tag","embeddable":true,"href":"https:\/\/diarioregionaldigital.com.br\/index.php?rest_route=%2Fwp%2Fv2%2Ftags&post=213181"}],"curies":[{"name":"wp","href":"https:\/\/api.w.org\/{rel}","templated":true}]}}