{"id":213178,"date":"2023-04-28T19:39:38","date_gmt":"2023-04-28T22:39:38","guid":{"rendered":"https:\/\/diarioregionaldigital.com.br\/?p=213178"},"modified":"2023-04-28T19:39:38","modified_gmt":"2023-04-28T22:39:38","slug":"cobranca-de-exame-de-hiv-em-concurso-dos-bombeiros-no-rio-e-suspensa","status":"publish","type":"post","link":"https:\/\/diarioregionaldigital.com.br\/?p=213178","title":{"rendered":"Cobran\u00e7a de exame de HIV em concurso dos bombeiros no Rio \u00e9 suspensa"},"content":{"rendered":"<p>O Minist\u00e9rio P\u00fablico do Estado do Rio de Janeiro obteve, nesta quinta-feira (27), decis\u00e3o liminar na Justi\u00e7a que determina que o Estado do Rio de Janeiro e o Instituto Social de Desenvolvimento Universal (IUDS)\u00a0suspendam a exig\u00eancia do exame de sorologia para HIV\u00a0do concurso p\u00fablico que foi aberto para preencher cargos para soldado e 3\u00ba sargento no Corpo de Bombeiros Militar (CBMERJ). A prova est\u00e1 marcada para este domingo (30).<\/p>\n<p>Na decis\u00e3o, o Ju\u00edzo da 7\u00aa Vara de Fazenda P\u00fablica da Capital reconheceu os direitos das pessoas portadoras do v\u00edrus HIV. \u201c\u00c9\u00a0certo que o cargo a ser provido no concurso, o de soldado do Corpo de Bombeiros, exige a aptid\u00e3o f\u00edsica do candidato. Contudo, o simples fato de o candidato ser soropositivo n\u00e3o demonstra, por si s\u00f3, a inaptid\u00e3o para o exerc\u00edcio das atribui\u00e7\u00f5es do cargo.\u201d<\/p>\n<p>De acordo com a a\u00e7\u00e3o civil p\u00fablica ajuizada pelo MPRJ, a entrega do resultado do exame m\u00e9dico de sorologia para HIV, como requisito obrigat\u00f3rio para a admiss\u00e3o dos candidatos aos cargos p\u00fablicos, trata-se de ato discriminat\u00f3rio e, portanto, inconstitucional.<\/p>\n<p>Na a\u00e7\u00e3o civil p\u00fablica, a Promotoria requer que o Estado se abstenha de fazer tal exig\u00eancia nas inspe\u00e7\u00f5es admissionais, bem como na realiza\u00e7\u00e3o de sa\u00fade peri\u00f3dica dos integrantes do servi\u00e7o ativo.<\/p>\n<p>Em nota, a Procuradoria Geral do Estado (PGE) informou que\u00a0o estado do Rio ainda n\u00e3o foi intimado. &#8220;Assim que for notificada, a Procuradoria Geral do Estado vai avaliar as provid\u00eancias jur\u00eddicas a serem adotadas no processo\u201d, diz o texto.<\/p>\n<p><span style=\"font-weight: 400;\">Fonte: Ag\u00eancia Brasil <\/span><\/p>\n","protected":false},"excerpt":{"rendered":"<p>O Minist\u00e9rio P\u00fablico do Estado do Rio de Janeiro obteve, nesta quinta-feira (27), decis\u00e3o liminar na Justi\u00e7a que determina que o Estado do Rio de Janeiro e o Instituto Social de Desenvolvimento Universal (IUDS)\u00a0suspendam a exig\u00eancia do exame de sorologia para HIV\u00a0do concurso p\u00fablico que foi aberto para preencher cargos para soldado e 3\u00ba sargento [&hellip;]<\/p>\n","protected":false},"author":246,"featured_media":213179,"comment_status":"closed","ping_status":"closed","sticky":false,"template":"","format":"standard","meta":{"footnotes":""},"categories":[436,254,439],"tags":[],"class_list":["post-213178","post","type-post","status-publish","format-standard","has-post-thumbnail","hentry","category-destaque-da-semana","category-politica","category-ultima-hora"],"_links":{"self":[{"href":"https:\/\/diarioregionaldigital.com.br\/index.php?rest_route=\/wp\/v2\/posts\/213178","targetHints":{"allow":["GET"]}}],"collection":[{"href":"https:\/\/diarioregionaldigital.com.br\/index.php?rest_route=\/wp\/v2\/posts"}],"about":[{"href":"https:\/\/diarioregionaldigital.com.br\/index.php?rest_route=\/wp\/v2\/types\/post"}],"author":[{"embeddable":true,"href":"https:\/\/diarioregionaldigital.com.br\/index.php?rest_route=\/wp\/v2\/users\/246"}],"replies":[{"embeddable":true,"href":"https:\/\/diarioregionaldigital.com.br\/index.php?rest_route=%2Fwp%2Fv2%2Fcomments&post=213178"}],"version-history":[{"count":1,"href":"https:\/\/diarioregionaldigital.com.br\/index.php?rest_route=\/wp\/v2\/posts\/213178\/revisions"}],"predecessor-version":[{"id":213180,"href":"https:\/\/diarioregionaldigital.com.br\/index.php?rest_route=\/wp\/v2\/posts\/213178\/revisions\/213180"}],"wp:featuredmedia":[{"embeddable":true,"href":"https:\/\/diarioregionaldigital.com.br\/index.php?rest_route=\/wp\/v2\/media\/213179"}],"wp:attachment":[{"href":"https:\/\/diarioregionaldigital.com.br\/index.php?rest_route=%2Fwp%2Fv2%2Fmedia&parent=213178"}],"wp:term":[{"taxonomy":"category","embeddable":true,"href":"https:\/\/diarioregionaldigital.com.br\/index.php?rest_route=%2Fwp%2Fv2%2Fcategories&post=213178"},{"taxonomy":"post_tag","embeddable":true,"href":"https:\/\/diarioregionaldigital.com.br\/index.php?rest_route=%2Fwp%2Fv2%2Ftags&post=213178"}],"curies":[{"name":"wp","href":"https:\/\/api.w.org\/{rel}","templated":true}]}}