{"id":213153,"date":"2023-04-27T19:25:32","date_gmt":"2023-04-27T22:25:32","guid":{"rendered":"https:\/\/diarioregionaldigital.com.br\/?p=213153"},"modified":"2023-04-27T19:25:32","modified_gmt":"2023-04-27T22:25:32","slug":"veja-como-fica-o-funcionamento-da-pjf-durante-o-feriado-do-dia-do-trabalhador","status":"publish","type":"post","link":"https:\/\/diarioregionaldigital.com.br\/?p=213153","title":{"rendered":"Veja como fica o funcionamento da PJF durante o feriado do Dia do Trabalhador"},"content":{"rendered":"<p>Segundo informa\u00e7\u00f5es do site da Prefeitura de Juiz de Fora (PJF), em fun\u00e7\u00e3o do feriado do Dia do Trabalhador nesta segunda-feira, 1\u00ba de maio, os servi\u00e7os da Prefeitura de Juiz de Fora (PJF) ter\u00e3o altera\u00e7\u00f5es, n\u00e3o havendo expediente nas reparti\u00e7\u00f5es p\u00fablicas. Confira como fica o funcionamento dos servi\u00e7os ao p\u00fablico durante o per\u00edodo:<\/p>\n<p><strong>Companhia de Saneamento Municipal (Cesama)<\/strong>: Na segunda-feira, 1\u00ba, a Cesama funciona em esquema de plant\u00e3o, com atendimento pelo 115, que funciona 24 horas.<\/p>\n<p><strong>Departamento Municipal de Limpeza Urbana (Demlurb):\u00a0<\/strong>O Demlurb vai atuar na segunda-feira, 1\u00ba de maio, com os servi\u00e7os de varri\u00e7\u00e3o na regi\u00e3o comercial do Centro. Al\u00e9m disso, conta com equipe de capina e recolhimento em regime de escala. A coleta domiciliar e os ecopontos n\u00e3o ter\u00e3o expediente. Portanto, o Departamento refor\u00e7a o pedido aos cidad\u00e3os para que n\u00e3o fa\u00e7am o descarte de lixo dom\u00e9stico neste dia.<\/p>\n<p><strong>Guarda Municipal (GM):<\/strong>\u00a0A Central de Monitoramento e Opera\u00e7\u00f5es (CMO) atende 24h atrav\u00e9s do telefone 153. A GM tamb\u00e9m atuar\u00e1 com rondas preventivas.<\/p>\n<p><strong>Agentes de Transporte e Tr\u00e2nsito:\u00a0<\/strong>Durante o feriado, as equipes de plant\u00e3o poder\u00e3o ser acionadas pelo telefone 2104-7400.<\/p>\n<p><strong>Defesa Civil:\u00a0<\/strong>A equipe da Defesa Civil estar\u00e1 de plant\u00e3o. Em caso de emerg\u00eancia, disque 199. A Central de Atendimento funciona 24h.<\/p>\n<p><strong>Mercado Municipal:\u00a0<\/strong>Funcionar\u00e1 das 8h \u00e0s 12h.<\/p>\n<p><strong>Feiras livres:\u00a0<\/strong>N\u00e3o s\u00e3o realizadas \u00e0s segundas-feiras.<\/p>\n<p><strong>Restaurante Popular:<\/strong>\u00a0Nesta segunda-feira, 1\u00ba de maio, funcionar\u00e1 o Projeto Final de Semana sem Fome, com atendimento exclusivo \u00e0s pessoas em situa\u00e7\u00e3o de rua.<\/p>\n<p><strong>Sa\u00fade:\u00a0<\/strong>Os servi\u00e7os de Urg\u00eancia e Emerg\u00eancia do Pronto Atendimento Infantil (PAI), da Regional Leste, do Hospital de Pronto Socorro (HPS) e das Unidades de Pronto Atendimento (UPA), bem como a Central de Regula\u00e7\u00e3o de Vagas Hospitalares, permanecem em funcionamento normal, 24 horas, durante o per\u00edodo. As Unidades B\u00e1sicas de Sa\u00fade (UBS) n\u00e3o funcionam na segunda-feira, 1\u00b0, retomando as atividades na ter\u00e7a-feira, 2, \u00e0s 7h. O Departamento de Sa\u00fade da Mulher, Gestante, Crian\u00e7a e do Adolescente (DSMGCA) e o Servi\u00e7o de Sa\u00fade do Idoso (Sasi) retomam as atividades na ter\u00e7a-feira, 2. O Departamento de Sa\u00fade Mental (Desm), o Centro de Aten\u00e7\u00e3o \u00e0 Sa\u00fade Mental (Casm)\/Centro de Conviv\u00eancia Recriar (CCR), o Centro de Aten\u00e7\u00e3o Psicossocial (Caps) Leste e o Caps I retomam o funcionamento na pr\u00f3xima ter\u00e7a-feira. O Caps AD e o Caps Casa Viva funcionam normalmente. O Pam Marechal permanece fechado na segunda-feira, 1\u00ba, retomando os atendimentos na ter\u00e7a-feira, 2. As Vacina\u00e7\u00f5es contra a Covid-19 e de rotina retornam normalmente na pr\u00f3xima ter\u00e7a-feira, 2, nas UBSs, no Servi\u00e7o de Sa\u00fade do Idoso e nos departamentos de Sa\u00fade da Mulher, Gestante, Crian\u00e7a e do Adolescente (DSMGCA), a partir das 8h. Os Centros de Especialidades Odontol\u00f3gicas (CEO) permanecem fechados na segunda, voltando a funcionar na ter\u00e7a-feira, 2. O Pronto Atendimento Odontol\u00f3gico, no HPS, funciona normalmente, 24 horas, durante o per\u00edodo.<\/p>\n<p><strong>Casa da Mulher:\u00a0<\/strong>O centro de refer\u00eancia n\u00e3o funcionar\u00e1 durante o feriado, retornando o atendimento na ter\u00e7a-feira, 2.<\/p>\n<p><strong>Assist\u00eancia Social:\u00a0<\/strong>Funcionar\u00e3o normalmente os servi\u00e7os de Casas de Acolhimento, Casas de Passagem e Abordagem Social (3690-7770). Os centros Especializado de Assist\u00eancia Social (Creas) e de Refer\u00eancia de Assist\u00eancia Social (Cras) e Servi\u00e7os de Fortalecimento de V\u00ednculos n\u00e3o funcionar\u00e3o.<\/p>\n<p><strong>Conselhos Tutelares:<\/strong>\u00a0Funcionar\u00e3o em esquema de plant\u00e3o, pelos telefones: Sul\/Oeste: 98431-4793 Centro\/Norte: 98429-4740; Leste: 98463-0980.<\/p>\n<p><strong>Funalfa:\u00a0<\/strong>O Centro de Artes e Esportes Unificados (Pra\u00e7a CEU) funciona na segunda-feira, dia 1\u00ba, das 10h \u00e0s 18h. O Centro Cultural Bernardo Mascarenhas abre somente para ensaios agendados. O Pa\u00e7o Municipal, Anfiteatro Jo\u00e3o Carri\u00e7o, Museu Ferrovi\u00e1rio, Biblioteca Municipal Murilo Mendes, Centro Cultural Dnar Rocha, Casa de Leitura Delfina Fonseca Lima e o Teatro Paschoal Carlos Magno permanecem fechados.<\/p>\n<p><strong>Empresa Municipal de Pavimenta\u00e7\u00e3o e Urbanidades (Empav):\u00a0<\/strong>A Empav ter\u00e1 equipes para obras nos canteiros centrais da Avenida Rio Branco, al\u00e9m de a\u00e7\u00f5es de tapa-buracos, poda de grama e de \u00e1rvores durante o s\u00e1bado, 29, retornando \u00e0s atividades de rotina na ter\u00e7a-feira, 2<\/p>\n<p><strong>Parque Municipal:\u00a0<\/strong>O local estar\u00e1 aberto em hor\u00e1rio normal, das 8h \u00e0s 17h, com entrada permitida at\u00e9 as 16h.<\/p>\n<p><strong>Museu Mariano Proc\u00f3pio:<\/strong>\u00a0Tanto o parque quanto o museu habitualmente j\u00e1 n\u00e3o abrem \u00e0s segundas-feiras, dessa forma, o atendimento retoma ao normal na ter\u00e7a-feira, dia 2.<\/p>\n<p><strong>Espa\u00e7o Cidade:\u00a0<\/strong>N\u00e3o funcionar\u00e1 no feriado.<\/p>\n<p><strong>Parque da Lajinha:\u00a0<\/strong>O Parque da Lajinha n\u00e3o funciona \u00e0s segundas-feiras, para manuten\u00e7\u00e3o.<\/p>\n<p><strong>Departamento de Atendimento ao Cidad\u00e3o:\u00a0<\/strong>O DAC n\u00e3o funciona no feriado, retomando o atendimento na ter\u00e7a-feira, 2.<\/p>\n<p><strong>Ag\u00eancia de Prote\u00e7\u00e3o e Defesa do Consumidor (Procon)<\/strong>: O Procon n\u00e3o funciona no feriado, retomando o atendimento na ter\u00e7a-feira, 2.<\/p>\n","protected":false},"excerpt":{"rendered":"<p>Segundo informa\u00e7\u00f5es do site da Prefeitura de Juiz de Fora (PJF), em fun\u00e7\u00e3o do feriado do Dia do Trabalhador nesta segunda-feira, 1\u00ba de maio, os servi\u00e7os da Prefeitura de Juiz de Fora (PJF) ter\u00e3o altera\u00e7\u00f5es, n\u00e3o havendo expediente nas reparti\u00e7\u00f5es p\u00fablicas. Confira como fica o funcionamento dos servi\u00e7os ao p\u00fablico durante o per\u00edodo: Companhia de [&hellip;]<\/p>\n","protected":false},"author":246,"featured_media":213154,"comment_status":"closed","ping_status":"closed","sticky":false,"template":"","format":"standard","meta":{"footnotes":""},"categories":[253,436,439],"tags":[],"class_list":["post-213153","post","type-post","status-publish","format-standard","has-post-thumbnail","hentry","category-cidade","category-destaque-da-semana","category-ultima-hora"],"_links":{"self":[{"href":"https:\/\/diarioregionaldigital.com.br\/index.php?rest_route=\/wp\/v2\/posts\/213153","targetHints":{"allow":["GET"]}}],"collection":[{"href":"https:\/\/diarioregionaldigital.com.br\/index.php?rest_route=\/wp\/v2\/posts"}],"about":[{"href":"https:\/\/diarioregionaldigital.com.br\/index.php?rest_route=\/wp\/v2\/types\/post"}],"author":[{"embeddable":true,"href":"https:\/\/diarioregionaldigital.com.br\/index.php?rest_route=\/wp\/v2\/users\/246"}],"replies":[{"embeddable":true,"href":"https:\/\/diarioregionaldigital.com.br\/index.php?rest_route=%2Fwp%2Fv2%2Fcomments&post=213153"}],"version-history":[{"count":1,"href":"https:\/\/diarioregionaldigital.com.br\/index.php?rest_route=\/wp\/v2\/posts\/213153\/revisions"}],"predecessor-version":[{"id":213155,"href":"https:\/\/diarioregionaldigital.com.br\/index.php?rest_route=\/wp\/v2\/posts\/213153\/revisions\/213155"}],"wp:featuredmedia":[{"embeddable":true,"href":"https:\/\/diarioregionaldigital.com.br\/index.php?rest_route=\/wp\/v2\/media\/213154"}],"wp:attachment":[{"href":"https:\/\/diarioregionaldigital.com.br\/index.php?rest_route=%2Fwp%2Fv2%2Fmedia&parent=213153"}],"wp:term":[{"taxonomy":"category","embeddable":true,"href":"https:\/\/diarioregionaldigital.com.br\/index.php?rest_route=%2Fwp%2Fv2%2Fcategories&post=213153"},{"taxonomy":"post_tag","embeddable":true,"href":"https:\/\/diarioregionaldigital.com.br\/index.php?rest_route=%2Fwp%2Fv2%2Ftags&post=213153"}],"curies":[{"name":"wp","href":"https:\/\/api.w.org\/{rel}","templated":true}]}}