{"id":213150,"date":"2023-04-27T19:23:17","date_gmt":"2023-04-27T22:23:17","guid":{"rendered":"https:\/\/diarioregionaldigital.com.br\/?p=213150"},"modified":"2023-04-27T19:23:17","modified_gmt":"2023-04-27T22:23:17","slug":"prefeitura-sinaliza-mais-de-16-km-de-vias-somente-no-primeiro-semestre-do-ano","status":"publish","type":"post","link":"https:\/\/diarioregionaldigital.com.br\/?p=213150","title":{"rendered":"Prefeitura sinaliza mais de 16 km de vias somente no primeiro semestre do ano"},"content":{"rendered":"<p>Segundo informa\u00e7\u00f5es do site da Prefeitura de Juiz de Fora (PJF), a PJF est\u00e1 trabalhando intensivamente para revitalizar as sinaliza\u00e7\u00f5es de tr\u00e2nsito horizontal e vertical de toda a cidade, como pinturas vi\u00e1rias e refor\u00e7o com placas de regulamenta\u00e7\u00e3o e advert\u00eancia. Somente no primeiro trimestre deste ano, as vias da cidade foram beneficiadas com cerca de 6.624,54 m\u00b2 de pintura aplicada e 1.466 interven\u00e7\u00f5es em placas implantadas e substitu\u00eddas. Ao todo, estes servi\u00e7os contemplaram mais de 16 km de ruas e avenidas em todo o munic\u00edpio.<\/p>\n<p>Os resultados j\u00e1 s\u00e3o vis\u00edveis como as rec\u00e9m-recapeadas avenidas Paulo Japiass\u00fa Coelho, Coronel Vidal e as ruas Jos\u00e9 Eutr\u00f3pio e Henrique Burnier. A revitaliza\u00e7\u00e3o tamb\u00e9m foi realizada nas avenidas Bar\u00e3o do Rio Branco, Rui Barbosa e nas ruas Paracatu, Alencar Trist\u00e3o e Ibitiguaia. Estas vias, juntas, recebem diariamente cerca de 20% da frota circulante no munic\u00edpio, sendo tamb\u00e9m utilizadas por parte igualmente relevante de pedestres. O distrito de Penido, depois de ser todo cal\u00e7ado com bloco entre travado pela PJF, recebeu sinaliza\u00e7\u00e3o horizontal e vertical da Secretaria de Mobilidade Urbana (SMU) em todas as suas vias.<\/p>\n<p>Para a pintura das vias, a tinta aplicada \u00e9 preparada de uma forma que a torna mais reflexiva. Uma avenida como a Paulo Japiass\u00fa Coelho demora cerca de 20 dias de trabalho noturno, a partir de 22h, para ser totalmente sinalizada, caso n\u00e3o haja precipita\u00e7\u00f5es e o asfalto n\u00e3o fique molhado. J\u00e1 as placas, seladas com pel\u00edcula retrorrefletiva, geralmente danificadas por a\u00e7\u00f5es de vandalismo e acidentes de tr\u00e2nsito.<\/p>\n<p>De acordo com a gerente de Departamento de Planejamento e Circula\u00e7\u00e3o Vi\u00e1ria da SMU, Rute da Veiga, a seguran\u00e7a \u00e9 o principal objetivo da secretaria com a implanta\u00e7\u00e3o da sinaliza\u00e7\u00e3o. O trabalho de manuten\u00e7\u00e3o de eixos, marcas, s\u00edmbolos, legendas e implanta\u00e7\u00e3o de placas determinam regras, restri\u00e7\u00f5es e orienta\u00e7\u00f5es, indicando condutas a serem obedecidas por motoristas e pedestres, assegurando a esses cidad\u00e3os o direito fundamental de prote\u00e7\u00e3o da vida. \u201c\u00c9 importante que a popula\u00e7\u00e3o fa\u00e7a parte destas a\u00e7\u00f5es, contribuindo e respeitando a sinaliza\u00e7\u00e3o que consequentemente gera valores e gentileza no tr\u00e2nsito. As atua\u00e7\u00f5es da SMU ainda devem aumentar exponencialmente, pois uma equipe deve entrar em opera\u00e7\u00e3o at\u00e9 o final do m\u00eas, atuando em pontos expressivos pr\u00f3ximo a escolas, centros comunit\u00e1rios e unidades hospitalares, e tamb\u00e9m na implanta\u00e7\u00e3o de vagas especiais\u201d, afirma a gerente.<\/p>\n","protected":false},"excerpt":{"rendered":"<p>Segundo informa\u00e7\u00f5es do site da Prefeitura de Juiz de Fora (PJF), a PJF est\u00e1 trabalhando intensivamente para revitalizar as sinaliza\u00e7\u00f5es de tr\u00e2nsito horizontal e vertical de toda a cidade, como pinturas vi\u00e1rias e refor\u00e7o com placas de regulamenta\u00e7\u00e3o e advert\u00eancia. Somente no primeiro trimestre deste ano, as vias da cidade foram beneficiadas com cerca de [&hellip;]<\/p>\n","protected":false},"author":246,"featured_media":213151,"comment_status":"closed","ping_status":"closed","sticky":false,"template":"","format":"standard","meta":{"footnotes":""},"categories":[253,436,439],"tags":[],"class_list":["post-213150","post","type-post","status-publish","format-standard","has-post-thumbnail","hentry","category-cidade","category-destaque-da-semana","category-ultima-hora"],"_links":{"self":[{"href":"https:\/\/diarioregionaldigital.com.br\/index.php?rest_route=\/wp\/v2\/posts\/213150","targetHints":{"allow":["GET"]}}],"collection":[{"href":"https:\/\/diarioregionaldigital.com.br\/index.php?rest_route=\/wp\/v2\/posts"}],"about":[{"href":"https:\/\/diarioregionaldigital.com.br\/index.php?rest_route=\/wp\/v2\/types\/post"}],"author":[{"embeddable":true,"href":"https:\/\/diarioregionaldigital.com.br\/index.php?rest_route=\/wp\/v2\/users\/246"}],"replies":[{"embeddable":true,"href":"https:\/\/diarioregionaldigital.com.br\/index.php?rest_route=%2Fwp%2Fv2%2Fcomments&post=213150"}],"version-history":[{"count":1,"href":"https:\/\/diarioregionaldigital.com.br\/index.php?rest_route=\/wp\/v2\/posts\/213150\/revisions"}],"predecessor-version":[{"id":213152,"href":"https:\/\/diarioregionaldigital.com.br\/index.php?rest_route=\/wp\/v2\/posts\/213150\/revisions\/213152"}],"wp:featuredmedia":[{"embeddable":true,"href":"https:\/\/diarioregionaldigital.com.br\/index.php?rest_route=\/wp\/v2\/media\/213151"}],"wp:attachment":[{"href":"https:\/\/diarioregionaldigital.com.br\/index.php?rest_route=%2Fwp%2Fv2%2Fmedia&parent=213150"}],"wp:term":[{"taxonomy":"category","embeddable":true,"href":"https:\/\/diarioregionaldigital.com.br\/index.php?rest_route=%2Fwp%2Fv2%2Fcategories&post=213150"},{"taxonomy":"post_tag","embeddable":true,"href":"https:\/\/diarioregionaldigital.com.br\/index.php?rest_route=%2Fwp%2Fv2%2Ftags&post=213150"}],"curies":[{"name":"wp","href":"https:\/\/api.w.org\/{rel}","templated":true}]}}