{"id":213140,"date":"2023-04-27T19:07:36","date_gmt":"2023-04-27T22:07:36","guid":{"rendered":"https:\/\/diarioregionaldigital.com.br\/?p=213140"},"modified":"2023-04-27T19:07:36","modified_gmt":"2023-04-27T22:07:36","slug":"selecao-brasileira-de-tenis-em-cadeira-de-rodas-embarca-para-mundial-em-portugal","status":"publish","type":"post","link":"https:\/\/diarioregionaldigital.com.br\/?p=213140","title":{"rendered":"Sele\u00e7\u00e3o Brasileira de t\u00eanis em cadeira de rodas embarca para Mundial em Portugal"},"content":{"rendered":"<p>A Sele\u00e7\u00e3o Brasileira de t\u00eanis em cadeira de rodas embarca nesta sexta-feira, 28, com destino a Portugal. A equipe de 12 atletas disputar\u00e1 o Mundial da modalidade, em Vilamoura, de 1\u00ba a 7 de maio.<\/p>\n<p>Foram convocados tr\u00eas atletas de cada categoria, incluindo tanto jogadores experientes como tamb\u00e9m promessas da modalidade.<\/p>\n<p>Na \u00faltima edi\u00e7\u00e3o do torneio, em maio de 2022, o Brasil saiu com uma\u00a0<u><\/u><a href=\"https:\/\/www.cpb.org.br\/noticia\/detalhe\/5017\/selecao-brasileira-de-tenis-em-cadeira-de-rodas-e-convocada-para-mundial-em-portugal\"><u><strong>medalha de bronze<\/strong><\/u><\/a>. \u00c0 oportunidade, Ymanitu Silva, Leandro Pena e Augusto Fernandes ficaram em terceiro lugar na disputa por equipes da categoria Quad (atletas que tamb\u00e9m possuem defici\u00eancias nos membros superiores).<\/p>\n<p>Ymanitu tamb\u00e9m foi\u00a0<u><\/u><a href=\"https:\/\/www.cpb.org.br\/noticia\/detalhe\/4860\/catarinense-ymanitu-silva-e-vice-campeao-nas-duplas-no-aberto-da-australia\"><u><strong>vice-campe\u00e3o\u00a0<\/strong><\/u><\/a>em dois Grand Slams desde 2022: Roland Garros e Aberto da Austr\u00e1lia. Em ambas as competi\u00e7\u00f5es, ele chegou ao p\u00f3dio nas duplas. Ele e Leandro participam da nova edi\u00e7\u00e3o do campeonato, dessa vez ao lado de Jo\u00e3o Takaki.<\/p>\n<p>Quem tamb\u00e9m estar\u00e1 em Portugal \u00e9 a tocantinense Jade Lanai, 18, primeira atleta brasileira a\u00a0<u><\/u><a href=\"https:\/\/www.cpb.org.br\/noticia\/detalhe\/4860\/catarinense-ymanitu-silva-e-vice-campeao-nas-duplas-no-aberto-da-australia\"><u><strong>conquistar um Grand Slam<\/strong><\/u><\/a>\u00a0no t\u00eanis em cadeira de rodas. Em setembro do ano passado, ela venceu o Aberto dos EUA, em Nova York, nas chaves de simples e duplas da categoria J\u00fanior. Em 2023, ela passou a competir no adulto.<\/p>\n<p>Neste ano, os atletas brasileiros\u00a0<a href=\"https:\/\/www.cpb.org.br\/noticia\/detalhe\/5110\/selecao-brasileira-de-tenis-em-cadeira-de-rodas-conquista-quatro-medalhas-de-ouro-na-argentina\"><u><strong>conquistaram seis medalhas de ouro e seis de prata<\/strong><\/u><\/a>\u00a0em torneios sul-americanos realizados no Chile e na Argentina. Quatro delas foram obtidas por um dos convocados para o Mundial, o mineiro Daniel Rodrigues. Ele obteve a medalha de ouro nas chaves de simples em ambas as competi\u00e7\u00f5es. Nas duplas, foi campe\u00e3o e vice.<\/p>\n<p>Esta ser\u00e1 a sexta vez consecutiva em que a Sele\u00e7\u00e3o Brasileira ter\u00e1 representantes nas quatro categorias: Feminino Open, Masculino Open, Quad e J\u00fanior. A convoca\u00e7\u00e3o inicial contava com 14 atletas, por\u00e9m Gustavo Carneiro e Lucimaria Nascimento tiveram de ser cortados por quest\u00f5es m\u00e9dicas.<\/p>\n<p><strong>Confira a lista de convocados<br \/>\nMASCULINO OPEN<\/strong><br \/>\nDaniel Rodrigues<br \/>\nJucelio Torquato<br \/>\nRafael Medeiros<\/p>\n<p><strong>FEMININO OPEN<\/strong><br \/>\nMeirycoll Duval<br \/>\nMaria Fernanda Alves<br \/>\nJade Lanai<\/p>\n<p><strong>QUAD<\/strong><br \/>\nYmanitu Silva<br \/>\nLeandro Pena<br \/>\nJo\u00e3o Takaki<\/p>\n<p><strong>J\u00daNIOR<\/strong><br \/>\nVit\u00f3ria Miranda<br \/>\nLorenzo Godoy<br \/>\nLuiz Calixto<\/p>\n<p><strong>Capit\u00e3es<\/strong><br \/>\nRaphael Moraes (Masculino)<br \/>\nL\u00e1zaro Herculano (Feminino)<br \/>\nVin\u00edcius Cyrillo (Quad)<br \/>\nLeonardo Oliveira (J\u00fanior).<\/p>\n<p><span style=\"font-weight: 400;\"><br \/>\n<\/span><span style=\"font-weight: 400;\">Fonte: Assessoria de Comunica\u00e7\u00e3o do Comit\u00ea Paral\u00edmpico Brasileiro<\/span><\/p>\n","protected":false},"excerpt":{"rendered":"<p>A Sele\u00e7\u00e3o Brasileira de t\u00eanis em cadeira de rodas embarca nesta sexta-feira, 28, com destino a Portugal. A equipe de 12 atletas disputar\u00e1 o Mundial da modalidade, em Vilamoura, de 1\u00ba a 7 de maio. Foram convocados tr\u00eas atletas de cada categoria, incluindo tanto jogadores experientes como tamb\u00e9m promessas da modalidade. Na \u00faltima edi\u00e7\u00e3o do [&hellip;]<\/p>\n","protected":false},"author":246,"featured_media":213142,"comment_status":"closed","ping_status":"closed","sticky":false,"template":"","format":"standard","meta":{"footnotes":""},"categories":[436,257,439],"tags":[],"class_list":["post-213140","post","type-post","status-publish","format-standard","has-post-thumbnail","hentry","category-destaque-da-semana","category-esporte","category-ultima-hora"],"_links":{"self":[{"href":"https:\/\/diarioregionaldigital.com.br\/index.php?rest_route=\/wp\/v2\/posts\/213140","targetHints":{"allow":["GET"]}}],"collection":[{"href":"https:\/\/diarioregionaldigital.com.br\/index.php?rest_route=\/wp\/v2\/posts"}],"about":[{"href":"https:\/\/diarioregionaldigital.com.br\/index.php?rest_route=\/wp\/v2\/types\/post"}],"author":[{"embeddable":true,"href":"https:\/\/diarioregionaldigital.com.br\/index.php?rest_route=\/wp\/v2\/users\/246"}],"replies":[{"embeddable":true,"href":"https:\/\/diarioregionaldigital.com.br\/index.php?rest_route=%2Fwp%2Fv2%2Fcomments&post=213140"}],"version-history":[{"count":1,"href":"https:\/\/diarioregionaldigital.com.br\/index.php?rest_route=\/wp\/v2\/posts\/213140\/revisions"}],"predecessor-version":[{"id":213143,"href":"https:\/\/diarioregionaldigital.com.br\/index.php?rest_route=\/wp\/v2\/posts\/213140\/revisions\/213143"}],"wp:featuredmedia":[{"embeddable":true,"href":"https:\/\/diarioregionaldigital.com.br\/index.php?rest_route=\/wp\/v2\/media\/213142"}],"wp:attachment":[{"href":"https:\/\/diarioregionaldigital.com.br\/index.php?rest_route=%2Fwp%2Fv2%2Fmedia&parent=213140"}],"wp:term":[{"taxonomy":"category","embeddable":true,"href":"https:\/\/diarioregionaldigital.com.br\/index.php?rest_route=%2Fwp%2Fv2%2Fcategories&post=213140"},{"taxonomy":"post_tag","embeddable":true,"href":"https:\/\/diarioregionaldigital.com.br\/index.php?rest_route=%2Fwp%2Fv2%2Ftags&post=213140"}],"curies":[{"name":"wp","href":"https:\/\/api.w.org\/{rel}","templated":true}]}}