{"id":213117,"date":"2023-04-27T18:39:25","date_gmt":"2023-04-27T21:39:25","guid":{"rendered":"https:\/\/diarioregionaldigital.com.br\/?p=213117"},"modified":"2023-04-27T18:39:26","modified_gmt":"2023-04-27T21:39:26","slug":"toffoli-pede-transferencia-para-a-segunda-turma-do-stf","status":"publish","type":"post","link":"https:\/\/diarioregionaldigital.com.br\/?p=213117","title":{"rendered":"Toffoli pede transfer\u00eancia para a Segunda Turma do STF"},"content":{"rendered":"<p>O ministro Dias Toffoli, do Supremo Tribunal Federal (STF), formalizou hoje (27) pedido para ser transferido da Segunda Turma da Corte, colegiado respons\u00e1vel pelo julgamento dos processos da Opera\u00e7\u00e3o Lava Jato. A vaga no colegiado foi aberta com a aposentadoria do ministro Ricardo Lewandowski.<\/p>\n<p>A formaliza\u00e7\u00e3o da solicita\u00e7\u00e3o foi enviada \u00e0 presidente do Supremo, ministra Rosa Weber. Atualmente, Toffoli faz parte da Primeira Turma. Se receber autoriza\u00e7\u00e3o para deixar o colegiado, o ministro vai atuar com os ministros Gilmar Mendes, Nunes Marques, Andr\u00e9 Mendon\u00e7a e Edson Fachin.<\/p>\n<p>De acordo com o Supremo, a mudan\u00e7a de colegiado est\u00e1 prevista no regimento interno do tribunal, mas a troca vai depender do aval do integrante mais antigo, que tem prefer\u00eancia na escolha.<\/p>\n<p>No dia 11 deste m\u00eas, Lewandowski se aposentou compulsoriamente ao completar 75 anos, idade limite para perman\u00eancia no cargo.<\/p>\n<p>Entre os cotados para substituir o ministro est\u00e1 o advogado Cristiano Zanin, que atuou como defensor do presidente Luiz In\u00e1cio Lula da Silva nos processos da Lava Jato.<\/p>\n<p><span style=\"font-weight: 400;\">Fonte: Ag\u00eancia Brasil <\/span><\/p>\n","protected":false},"excerpt":{"rendered":"<p>O ministro Dias Toffoli, do Supremo Tribunal Federal (STF), formalizou hoje (27) pedido para ser transferido da Segunda Turma da Corte, colegiado respons\u00e1vel pelo julgamento dos processos da Opera\u00e7\u00e3o Lava Jato. A vaga no colegiado foi aberta com a aposentadoria do ministro Ricardo Lewandowski. A formaliza\u00e7\u00e3o da solicita\u00e7\u00e3o foi enviada \u00e0 presidente do Supremo, ministra [&hellip;]<\/p>\n","protected":false},"author":246,"featured_media":213118,"comment_status":"closed","ping_status":"closed","sticky":false,"template":"","format":"standard","meta":{"footnotes":""},"categories":[436,440,254,439],"tags":[],"class_list":["post-213117","post","type-post","status-publish","format-standard","has-post-thumbnail","hentry","category-destaque-da-semana","category-destaques-do-dia","category-politica","category-ultima-hora"],"_links":{"self":[{"href":"https:\/\/diarioregionaldigital.com.br\/index.php?rest_route=\/wp\/v2\/posts\/213117","targetHints":{"allow":["GET"]}}],"collection":[{"href":"https:\/\/diarioregionaldigital.com.br\/index.php?rest_route=\/wp\/v2\/posts"}],"about":[{"href":"https:\/\/diarioregionaldigital.com.br\/index.php?rest_route=\/wp\/v2\/types\/post"}],"author":[{"embeddable":true,"href":"https:\/\/diarioregionaldigital.com.br\/index.php?rest_route=\/wp\/v2\/users\/246"}],"replies":[{"embeddable":true,"href":"https:\/\/diarioregionaldigital.com.br\/index.php?rest_route=%2Fwp%2Fv2%2Fcomments&post=213117"}],"version-history":[{"count":1,"href":"https:\/\/diarioregionaldigital.com.br\/index.php?rest_route=\/wp\/v2\/posts\/213117\/revisions"}],"predecessor-version":[{"id":213119,"href":"https:\/\/diarioregionaldigital.com.br\/index.php?rest_route=\/wp\/v2\/posts\/213117\/revisions\/213119"}],"wp:featuredmedia":[{"embeddable":true,"href":"https:\/\/diarioregionaldigital.com.br\/index.php?rest_route=\/wp\/v2\/media\/213118"}],"wp:attachment":[{"href":"https:\/\/diarioregionaldigital.com.br\/index.php?rest_route=%2Fwp%2Fv2%2Fmedia&parent=213117"}],"wp:term":[{"taxonomy":"category","embeddable":true,"href":"https:\/\/diarioregionaldigital.com.br\/index.php?rest_route=%2Fwp%2Fv2%2Fcategories&post=213117"},{"taxonomy":"post_tag","embeddable":true,"href":"https:\/\/diarioregionaldigital.com.br\/index.php?rest_route=%2Fwp%2Fv2%2Ftags&post=213117"}],"curies":[{"name":"wp","href":"https:\/\/api.w.org\/{rel}","templated":true}]}}