{"id":213114,"date":"2023-04-27T18:34:00","date_gmt":"2023-04-27T21:34:00","guid":{"rendered":"https:\/\/diarioregionaldigital.com.br\/?p=213114"},"modified":"2023-04-27T18:34:00","modified_gmt":"2023-04-27T21:34:00","slug":"caged-registra-criacao-de-1952-mil-postos-de-trabalho-em-marco","status":"publish","type":"post","link":"https:\/\/diarioregionaldigital.com.br\/?p=213114","title":{"rendered":"Caged registra cria\u00e7\u00e3o de 195,2 mil postos de trabalho em mar\u00e7o"},"content":{"rendered":"<p>Ap\u00f3s dois meses de recuo, a cria\u00e7\u00e3o de emprego formal subiu em mar\u00e7o. Segundo dados divulgados pelo Cadastro Geral de Empregados e Desempregados (Caged), do Minist\u00e9rio do Trabalho e Emprego, 195.171 postos de trabalho com carteira assinada foram abertos no \u00faltimo m\u00eas. O indicador mede a diferen\u00e7a entre contrata\u00e7\u00f5es e demiss\u00f5es.<\/p>\n<p>A cria\u00e7\u00e3o de empregos cresceu 97,6% maior que a do mesmo m\u00eas do ano passado. Em mar\u00e7o de 2022, tinham sido criados 98.786 postos de trabalho, nos dados com ajuste, que consideram declara\u00e7\u00f5es entregues em atraso pelos empregadores. A abertura mensal de vagas atingiu o maior n\u00edvel desde setembro do ano passado.<\/p>\n<p>Nos tr\u00eas primeiros meses do ano, foram abertas 526.173 vagas. Esse resultado \u00e9 15% mais baixo que no mesmo per\u00edodo do ano passado. A compara\u00e7\u00e3o considera os dados com ajustes, quando o Minist\u00e9rio do Trabalho registra declara\u00e7\u00f5es entregues fora do prazo pelos empregadores e retifica os dados de meses anteriores. A mudan\u00e7a da metodologia do Caged n\u00e3o torna poss\u00edvel a compara\u00e7\u00e3o com anos anteriores a 2020.<\/p>\n<h2>Setores<\/h2>\n<p>Na divis\u00e3o por ramos de atividade, quatro dos cinco setores pesquisados criaram empregos formais em mar\u00e7o. A estat\u00edstica foi liderada pelos servi\u00e7os, com a abertura de 122.323 postos, seguido pela constru\u00e7\u00e3o civil, com 33.641 postos a mais. Em terceiro lugar, vem ind\u00fastria de transforma\u00e7\u00e3o, de extra\u00e7\u00e3o e de outros tipos, com a cria\u00e7\u00e3o de 20.984 postos de trabalho.<\/p>\n<p>O n\u00edvel de emprego aumentou no com\u00e9rcio, com a abertura de 18.555 postos. Somente a agropecu\u00e1ria, pressionada pelo fim da safra de v\u00e1rios produtos, extinguiu empregos com carteira assinada no m\u00eas passado, com o fechamento de 332 vagas.<\/p>\n<h2>Destaques<\/h2>\n<p>Nos servi\u00e7os, a cria\u00e7\u00e3o de empregos foi puxada pelo segmento de administra\u00e7\u00e3o p\u00fablica, defesa e seguridade social, educa\u00e7\u00e3o, sa\u00fade humana e servi\u00e7os sociais, com a abertura de 44.913 postos formais. A categoria de informa\u00e7\u00e3o, comunica\u00e7\u00e3o e atividades financeiras, imobili\u00e1rias, profissionais e administrativas abriu 35.467 vagas.<\/p>\n<p>Na ind\u00fastria, o destaque positivo ficou com a ind\u00fastria de transforma\u00e7\u00e3o, que contratou 17.876 trabalhadores a mais do que demitiu. Em segundo lugar, ficou a ind\u00fastria extrativa, que abriu 1.566 vagas.<\/p>\n<p>As estat\u00edsticas do Caged apresentadas a partir 2020 n\u00e3o detalham as contrata\u00e7\u00f5es e demiss\u00f5es por segmentos do com\u00e9rcio. A s\u00e9rie hist\u00f3rica anterior separava os dados do com\u00e9rcio atacadista e varejista.<\/p>\n<h2>Regi\u00f5es<\/h2>\n<p>Todas as cinco regi\u00f5es brasileiras criaram empregos com carteira assinada em mar\u00e7o. O Sudeste liderou a abertura de vagas, com 113.374 postos a mais, seguido pelo Sul, com 37.441 postos. Em seguida, vem o Centro-Oeste, com 22.435 postos. O Nordeste abriu 14.115 postos de trabalho, e o Norte criou 10.077 vagas formais no m\u00eas passado.<\/p>\n<p>Na divis\u00e3o por unidades da Federa\u00e7\u00e3o, 22 registraram saldo positivo, e cinco extinguiram vagas. Os destaques na cria\u00e7\u00e3o de empregos foram S\u00e3o Paulo (50.768 postos), Minas Gerais (38.730) e Rio de Janeiro (19.427). As maiores varia\u00e7\u00f5es negativas ocorreram em Pernambuco (5.266 postos), Para\u00edba (815) e Rio Grande do Norte (78).<\/p>\n<p><span style=\"font-weight: 400;\">Fonte: Ag\u00eancia Brasil <\/span><\/p>\n","protected":false},"excerpt":{"rendered":"<p>Ap\u00f3s dois meses de recuo, a cria\u00e7\u00e3o de emprego formal subiu em mar\u00e7o. Segundo dados divulgados pelo Cadastro Geral de Empregados e Desempregados (Caged), do Minist\u00e9rio do Trabalho e Emprego, 195.171 postos de trabalho com carteira assinada foram abertos no \u00faltimo m\u00eas. O indicador mede a diferen\u00e7a entre contrata\u00e7\u00f5es e demiss\u00f5es. A cria\u00e7\u00e3o de empregos [&hellip;]<\/p>\n","protected":false},"author":246,"featured_media":213115,"comment_status":"closed","ping_status":"closed","sticky":false,"template":"","format":"standard","meta":{"footnotes":""},"categories":[436,261,439],"tags":[],"class_list":["post-213114","post","type-post","status-publish","format-standard","has-post-thumbnail","hentry","category-destaque-da-semana","category-economia","category-ultima-hora"],"_links":{"self":[{"href":"https:\/\/diarioregionaldigital.com.br\/index.php?rest_route=\/wp\/v2\/posts\/213114","targetHints":{"allow":["GET"]}}],"collection":[{"href":"https:\/\/diarioregionaldigital.com.br\/index.php?rest_route=\/wp\/v2\/posts"}],"about":[{"href":"https:\/\/diarioregionaldigital.com.br\/index.php?rest_route=\/wp\/v2\/types\/post"}],"author":[{"embeddable":true,"href":"https:\/\/diarioregionaldigital.com.br\/index.php?rest_route=\/wp\/v2\/users\/246"}],"replies":[{"embeddable":true,"href":"https:\/\/diarioregionaldigital.com.br\/index.php?rest_route=%2Fwp%2Fv2%2Fcomments&post=213114"}],"version-history":[{"count":1,"href":"https:\/\/diarioregionaldigital.com.br\/index.php?rest_route=\/wp\/v2\/posts\/213114\/revisions"}],"predecessor-version":[{"id":213116,"href":"https:\/\/diarioregionaldigital.com.br\/index.php?rest_route=\/wp\/v2\/posts\/213114\/revisions\/213116"}],"wp:featuredmedia":[{"embeddable":true,"href":"https:\/\/diarioregionaldigital.com.br\/index.php?rest_route=\/wp\/v2\/media\/213115"}],"wp:attachment":[{"href":"https:\/\/diarioregionaldigital.com.br\/index.php?rest_route=%2Fwp%2Fv2%2Fmedia&parent=213114"}],"wp:term":[{"taxonomy":"category","embeddable":true,"href":"https:\/\/diarioregionaldigital.com.br\/index.php?rest_route=%2Fwp%2Fv2%2Fcategories&post=213114"},{"taxonomy":"post_tag","embeddable":true,"href":"https:\/\/diarioregionaldigital.com.br\/index.php?rest_route=%2Fwp%2Fv2%2Ftags&post=213114"}],"curies":[{"name":"wp","href":"https:\/\/api.w.org\/{rel}","templated":true}]}}