{"id":213111,"date":"2023-04-27T18:32:22","date_gmt":"2023-04-27T21:32:22","guid":{"rendered":"https:\/\/diarioregionaldigital.com.br\/?p=213111"},"modified":"2023-04-27T18:32:22","modified_gmt":"2023-04-27T21:32:22","slug":"governo-lanca-campanha-nacional-de-prevencao-ao-acidente-no-trabalho","status":"publish","type":"post","link":"https:\/\/diarioregionaldigital.com.br\/?p=213111","title":{"rendered":"Governo lan\u00e7a Campanha Nacional de Preven\u00e7\u00e3o ao Acidente no Trabalho"},"content":{"rendered":"<p>O Minist\u00e9rio do Trabalho e Emprego (MTE) lan\u00e7ou hoje (27), em Bras\u00edlia, a Campanha Nacional de Preven\u00e7\u00e3o ao Acidente no Trabalho (Canpat) 2023, que tem como tema os riscos psicossociais relacionados ao ambiente de trabalho.<\/p>\n<p>A campanha ser\u00e1 de abril a dezembro em todo o pa\u00eds, com a realiza\u00e7\u00e3o de eventos de conscientiza\u00e7\u00e3o da sociedade civil, empregadores e funcion\u00e1rios sobre os cuidados com a seguran\u00e7a para prevenir acidentes e as doen\u00e7as do trabalho.<\/p>\n<p>Ao lan\u00e7ar a iniciativa, o ministro do Trabalho, Luiz Marinho, frisou o foco deste ano na sa\u00fade mental do trabalhador. Ele destacou que as doen\u00e7as ps\u00edquicas podem afetar qualquer tipo de profissional e deu como exemplo os\u00a0<a href=\"https:\/\/agenciabrasil.ebc.com.br\/direitos-humanos\/noticia\/2023-04\/dia-da-empregada-domestica-elas-protestam-tambem-com-poesia\" target=\"_blank\" rel=\"noopener\">trabalhadores dom\u00e9sticos<\/a>.<\/p>\n<p>\u201cSabemos que \u00e9 um trabalho desgastante, mas precisamos trabalhar para que n\u00e3o se torne um trabalho degradante\u201d, disse.<\/p>\n<h2>Mortes e incapacidade<\/h2>\n<p>Segundo dados do Minist\u00e9rio do Trabalho, entre 2002 e 2021, houve mais de 600 mil acidentes de trabalho no Brasil, dos quais 2.591 resultaram em mortes e 9.419 em alguma incapacidade f\u00edsica permanente. \u201cDiante desses n\u00fameros precisamos trabalhar\u201d, afirmou Marinho.<\/p>\n<p>De acordo com a Organiza\u00e7\u00e3o Internacional do Trabalho (OIT), o mundo perde 4% de todo o Produto Interno Bruto (PIB) em decorr\u00eancia de acidentes e doen\u00e7as do trabalho. Considerando-se o PIB planet\u00e1rio de 2022, essa perda se aproxima dos R$ 400 bilh\u00f5es.<\/p>\n<p><span style=\"font-weight: 400;\">Fonte: Ag\u00eancia Brasil <\/span><\/p>\n","protected":false},"excerpt":{"rendered":"<p>O Minist\u00e9rio do Trabalho e Emprego (MTE) lan\u00e7ou hoje (27), em Bras\u00edlia, a Campanha Nacional de Preven\u00e7\u00e3o ao Acidente no Trabalho (Canpat) 2023, que tem como tema os riscos psicossociais relacionados ao ambiente de trabalho. A campanha ser\u00e1 de abril a dezembro em todo o pa\u00eds, com a realiza\u00e7\u00e3o de eventos de conscientiza\u00e7\u00e3o da sociedade [&hellip;]<\/p>\n","protected":false},"author":246,"featured_media":213112,"comment_status":"closed","ping_status":"closed","sticky":false,"template":"","format":"standard","meta":{"footnotes":""},"categories":[436,261,439],"tags":[],"class_list":["post-213111","post","type-post","status-publish","format-standard","has-post-thumbnail","hentry","category-destaque-da-semana","category-economia","category-ultima-hora"],"_links":{"self":[{"href":"https:\/\/diarioregionaldigital.com.br\/index.php?rest_route=\/wp\/v2\/posts\/213111","targetHints":{"allow":["GET"]}}],"collection":[{"href":"https:\/\/diarioregionaldigital.com.br\/index.php?rest_route=\/wp\/v2\/posts"}],"about":[{"href":"https:\/\/diarioregionaldigital.com.br\/index.php?rest_route=\/wp\/v2\/types\/post"}],"author":[{"embeddable":true,"href":"https:\/\/diarioregionaldigital.com.br\/index.php?rest_route=\/wp\/v2\/users\/246"}],"replies":[{"embeddable":true,"href":"https:\/\/diarioregionaldigital.com.br\/index.php?rest_route=%2Fwp%2Fv2%2Fcomments&post=213111"}],"version-history":[{"count":1,"href":"https:\/\/diarioregionaldigital.com.br\/index.php?rest_route=\/wp\/v2\/posts\/213111\/revisions"}],"predecessor-version":[{"id":213113,"href":"https:\/\/diarioregionaldigital.com.br\/index.php?rest_route=\/wp\/v2\/posts\/213111\/revisions\/213113"}],"wp:featuredmedia":[{"embeddable":true,"href":"https:\/\/diarioregionaldigital.com.br\/index.php?rest_route=\/wp\/v2\/media\/213112"}],"wp:attachment":[{"href":"https:\/\/diarioregionaldigital.com.br\/index.php?rest_route=%2Fwp%2Fv2%2Fmedia&parent=213111"}],"wp:term":[{"taxonomy":"category","embeddable":true,"href":"https:\/\/diarioregionaldigital.com.br\/index.php?rest_route=%2Fwp%2Fv2%2Fcategories&post=213111"},{"taxonomy":"post_tag","embeddable":true,"href":"https:\/\/diarioregionaldigital.com.br\/index.php?rest_route=%2Fwp%2Fv2%2Ftags&post=213111"}],"curies":[{"name":"wp","href":"https:\/\/api.w.org\/{rel}","templated":true}]}}