{"id":213106,"date":"2023-04-27T18:30:02","date_gmt":"2023-04-27T21:30:02","guid":{"rendered":"https:\/\/diarioregionaldigital.com.br\/?p=213106"},"modified":"2023-04-27T18:30:55","modified_gmt":"2023-04-27T21:30:55","slug":"campos-neto-diz-que-revisao-da-renuncia-fiscal-e-bem-vinda","status":"publish","type":"post","link":"https:\/\/diarioregionaldigital.com.br\/?p=213106","title":{"rendered":"Campos Neto diz que revis\u00e3o da ren\u00fancia fiscal \u00e9 bem-vinda"},"content":{"rendered":"<p>O presidente do Banco Central (BC), Roberto Campos Neto, afirmou, nesta quinta-feira (27), que reconhece o \u201cgrande esfor\u00e7o do governo\u201d para uma \u201creal possibilidade de estabilidade da d\u00edvida\u201d. Segundo Campos Neto, a estrat\u00e9gia da equipe econ\u00f4mica para rever as ren\u00fancias fiscais \u00e9 \u201cbem-vinda\u201d, uma vez que poder\u00e1 dar efici\u00eancia \u00e0 cadeia produtiva.<\/p>\n<p>Campos Neto participou, nesta quinta-feira (27), de uma sess\u00e3o de debates no plen\u00e1rio do Senado sobre juros, infla\u00e7\u00e3o e crescimento econ\u00f4mico.<\/p>\n<p>\u201c\u00c9 preciso reconhecer o grande esfor\u00e7o do governo com uma real possibilidade de estabilidade da d\u00edvida, e o tema da ren\u00fancia \u00e9 bem-vindo, n\u00e3o s\u00f3 porque [a ren\u00fancia fiscal] \u00e9 injusta, mas tamb\u00e9m porque ela mexe com pre\u00e7os relativos e aloca recursos na economia de forma ineficiente. Quando voc\u00ea tem uma ren\u00fancia para um setor, acaba gerando inefici\u00eancia na cadeia inteira\u201d, disse o presidente do BC.<\/p>\n<p>De acordo com Campos Neto, o tema tem sido largamente conversado com a equipe econ\u00f4mica, em especial com os ministros da Fazenda, Fernando Haddad, e do Planejamento, Simone Tebet, que tamb\u00e9m participaram da sess\u00e3o de debates no Senado.<\/p>\n<p>Dirigindo-se aos senadores, Campos Neto disse que \u00e9 importante \u201ca Casa acelerar o projeto\u201d, de forma a fazer com que o arcabou\u00e7o fiscal avance.<\/p>\n<h2>Juros<\/h2>\n<p>Questionado sobre a alta nos juros, o presidente do BC destacou que, ao falar sobre este tema, \u201cn\u00e3o se pode confundir causas e efeito\u201d, e que a d\u00edvida n\u00e3o \u00e9 alta porque os juros s\u00e3o altos. \u201c\u00c9 o contr\u00e1rio: o juro \u00e9 alto por causa da d\u00edvida\u201d, disse.<\/p>\n<p>Campos Neto acrescentou que tamb\u00e9m \u00e9 importante manter a harmonia no trip\u00e9 pol\u00edtica monet\u00e1ria, pol\u00edtica fiscal e o c\u00e2mbio flutuante. \u201c\u00c9 assim que funcionou e \u00e9 assim que tem funcionado. Acho que as tentativas de reinventar essa roda n\u00e3o funcionaram. \u00c0s vezes, em vez de questionar a forma, a gente tem que pensar como aprimorar o que j\u00e1 existe.\u201d<\/p>\n<p><span style=\"font-weight: 400;\">Fonte: Ag\u00eancia Brasil <\/span><\/p>\n","protected":false},"excerpt":{"rendered":"<p>O presidente do Banco Central (BC), Roberto Campos Neto, afirmou, nesta quinta-feira (27), que reconhece o \u201cgrande esfor\u00e7o do governo\u201d para uma \u201creal possibilidade de estabilidade da d\u00edvida\u201d. Segundo Campos Neto, a estrat\u00e9gia da equipe econ\u00f4mica para rever as ren\u00fancias fiscais \u00e9 \u201cbem-vinda\u201d, uma vez que poder\u00e1 dar efici\u00eancia \u00e0 cadeia produtiva. Campos Neto participou, [&hellip;]<\/p>\n","protected":false},"author":246,"featured_media":213107,"comment_status":"closed","ping_status":"closed","sticky":false,"template":"","format":"standard","meta":{"footnotes":""},"categories":[436,440,261,439],"tags":[],"class_list":["post-213106","post","type-post","status-publish","format-standard","has-post-thumbnail","hentry","category-destaque-da-semana","category-destaques-do-dia","category-economia","category-ultima-hora"],"_links":{"self":[{"href":"https:\/\/diarioregionaldigital.com.br\/index.php?rest_route=\/wp\/v2\/posts\/213106","targetHints":{"allow":["GET"]}}],"collection":[{"href":"https:\/\/diarioregionaldigital.com.br\/index.php?rest_route=\/wp\/v2\/posts"}],"about":[{"href":"https:\/\/diarioregionaldigital.com.br\/index.php?rest_route=\/wp\/v2\/types\/post"}],"author":[{"embeddable":true,"href":"https:\/\/diarioregionaldigital.com.br\/index.php?rest_route=\/wp\/v2\/users\/246"}],"replies":[{"embeddable":true,"href":"https:\/\/diarioregionaldigital.com.br\/index.php?rest_route=%2Fwp%2Fv2%2Fcomments&post=213106"}],"version-history":[{"count":2,"href":"https:\/\/diarioregionaldigital.com.br\/index.php?rest_route=\/wp\/v2\/posts\/213106\/revisions"}],"predecessor-version":[{"id":213110,"href":"https:\/\/diarioregionaldigital.com.br\/index.php?rest_route=\/wp\/v2\/posts\/213106\/revisions\/213110"}],"wp:featuredmedia":[{"embeddable":true,"href":"https:\/\/diarioregionaldigital.com.br\/index.php?rest_route=\/wp\/v2\/media\/213107"}],"wp:attachment":[{"href":"https:\/\/diarioregionaldigital.com.br\/index.php?rest_route=%2Fwp%2Fv2%2Fmedia&parent=213106"}],"wp:term":[{"taxonomy":"category","embeddable":true,"href":"https:\/\/diarioregionaldigital.com.br\/index.php?rest_route=%2Fwp%2Fv2%2Fcategories&post=213106"},{"taxonomy":"post_tag","embeddable":true,"href":"https:\/\/diarioregionaldigital.com.br\/index.php?rest_route=%2Fwp%2Fv2%2Ftags&post=213106"}],"curies":[{"name":"wp","href":"https:\/\/api.w.org\/{rel}","templated":true}]}}