{"id":213100,"date":"2023-04-27T01:46:55","date_gmt":"2023-04-27T04:46:55","guid":{"rendered":"https:\/\/diarioregionaldigital.com.br\/?p=213100"},"modified":"2023-04-27T01:48:33","modified_gmt":"2023-04-27T04:48:33","slug":"palavras-comovem-testemunhos-arrastam-27-04-2023","status":"publish","type":"post","link":"https:\/\/diarioregionaldigital.com.br\/?p=213100","title":{"rendered":"Palavras Comovem Testemunhos Arrastam &#8211; 27\/04\/2023"},"content":{"rendered":"<p style=\"text-align: left;\">Meu caro leitor \u00e9 com alegria que novamente estamos chegando at\u00e9 voc\u00ea para mais uma edi\u00e7\u00e3o de palavras comovem mas testemunhos arrastam. Bem sei de sua expectativa para ler os testemunhos aqui apresentados. Hoje teremos dois belos testemunhos para apresentar a voc\u00eas. Vamos ao primeiro: [13\/4 19:32] Testemunho Para Dia 26 de abril 2023:\u00a0 Boa noite\u00a0\u00a0 hoje quero agradecer as ora\u00e7\u00f5es do Padre Erelis e a intersec\u00e7\u00e3o de S\u00e3o Judas Tadeu junto ao Divino Pai\u00a0 por mais uma gra\u00e7a alcan\u00e7ada: a mais ou menos um ano pedi ao Padre Erelis que rezasse para que S\u00e3o Judas Tadeu\u00a0 intercedesse junto ao Divino Pai Eterno para eu conseguir aposentar. O Padre Erelis rezou e me disse que at\u00e9 no meu anivers\u00e1rio desse ano eu estaria aposentada, pois seria o\u00a0 presente\u00a0 que eu ganharia de Deus no meu anivers\u00e1rio. Ontem dia 12 chegou minha carta de aposentadoria, fui ao banco e j\u00e1 t\u00e1 tudo certo. Dia 30 desse m\u00eas\u00a0 completo 60 anos e Gra\u00e7as a Deus estou aposentada. Obrigado Senhor por todas\u00a0 b\u00ean\u00e7\u00e3os e gra\u00e7as alcan\u00e7adas. Vamos agora ao segundo testemunho:<\/p>\n<p style=\"text-align: left;\">[10\/4 20:26] devoto de S\u00e3o Judas Tadeu: Boa noite Padre Erelis lembra de mim quando te liguei pedindo ora\u00e7\u00f5es pelo exame que eu ia\u00a0 fazer pra tirar a carteira de motorista Pois bem foi como o senhor falou ap\u00f3s a ora\u00e7\u00e3o que o senhor rezou pra mim e disse que o exame seria realizado pelas m\u00e3os de Deus nas minhas\u00a0 m\u00e3os. Hoje volto para agradecer\u00a0 realmente foi um sucesso meu exame, estou com minha carteira, gra\u00e7as a Deus me sinto mil vezes melhor porque posso sair sem ter que precisar de algu\u00e9m que dirija por mim. Agrade\u00e7o todas as ora\u00e7\u00f5es e b\u00ean\u00e7\u00e3os recebidas. S\u00e3o Judas Tadeu de Jesus ap\u00f3stolo amado seja no c\u00e9u nosso advogado! Am\u00e9m !<\/p>\n<p style=\"text-align: left;\">\u00a0Vejam como Deus age na\u00a0 vida das pessoas.<\/p>\n<p style=\"text-align: left;\">Convido voc\u00ea \u00e9 sua fam\u00edlia para participarem da missa\u00a0 de S\u00e3o Judas Tadeu das causas imposs\u00edveis clamando a miseric\u00f3rdia de Jesus por sa\u00fade e liberta\u00e7\u00e3o toda\u00a0 quarta feira \u00e0s 19 e 30 na Rodovi\u00e1ria\u00a0 e do ter\u00e7o todos os dias\u00a0 \u00e0s 12; 15h; \u00e0s\u00a0 20e30h; \u00e0s 22h pelo Youtube e Facebook do santu\u00e1rio virtual S\u00e3o Judas Tadeu. svsaojudastadeu.com; \u00e0s 06h ; \u00e0s 10 e 23h pelo Whatzapp; Deixo o n\u00famero do meu celular para me ligarem quando precisar de uma ora\u00e7\u00e3o 988652609 se eu n\u00e3o atender na hora eu retornarei assim que eu ver a liga\u00e7\u00e3o.<\/p>\n","protected":false},"excerpt":{"rendered":"<p>Meu caro leitor \u00e9 com alegria que novamente estamos chegando at\u00e9 voc\u00ea para mais uma edi\u00e7\u00e3o de palavras comovem mas testemunhos arrastam. Bem sei de sua expectativa para ler os testemunhos aqui apresentados. Hoje teremos dois belos testemunhos para apresentar a voc\u00eas. Vamos ao primeiro: [13\/4 19:32] Testemunho Para Dia 26 de abril 2023:\u00a0 Boa [&hellip;]<\/p>\n","protected":false},"author":96,"featured_media":0,"comment_status":"closed","ping_status":"closed","sticky":false,"template":"","format":"standard","meta":{"footnotes":""},"categories":[1245],"tags":[],"class_list":["post-213100","post","type-post","status-publish","format-standard","hentry","category-padre-erelis"],"_links":{"self":[{"href":"https:\/\/diarioregionaldigital.com.br\/index.php?rest_route=\/wp\/v2\/posts\/213100","targetHints":{"allow":["GET"]}}],"collection":[{"href":"https:\/\/diarioregionaldigital.com.br\/index.php?rest_route=\/wp\/v2\/posts"}],"about":[{"href":"https:\/\/diarioregionaldigital.com.br\/index.php?rest_route=\/wp\/v2\/types\/post"}],"author":[{"embeddable":true,"href":"https:\/\/diarioregionaldigital.com.br\/index.php?rest_route=\/wp\/v2\/users\/96"}],"replies":[{"embeddable":true,"href":"https:\/\/diarioregionaldigital.com.br\/index.php?rest_route=%2Fwp%2Fv2%2Fcomments&post=213100"}],"version-history":[{"count":2,"href":"https:\/\/diarioregionaldigital.com.br\/index.php?rest_route=\/wp\/v2\/posts\/213100\/revisions"}],"predecessor-version":[{"id":213102,"href":"https:\/\/diarioregionaldigital.com.br\/index.php?rest_route=\/wp\/v2\/posts\/213100\/revisions\/213102"}],"wp:attachment":[{"href":"https:\/\/diarioregionaldigital.com.br\/index.php?rest_route=%2Fwp%2Fv2%2Fmedia&parent=213100"}],"wp:term":[{"taxonomy":"category","embeddable":true,"href":"https:\/\/diarioregionaldigital.com.br\/index.php?rest_route=%2Fwp%2Fv2%2Fcategories&post=213100"},{"taxonomy":"post_tag","embeddable":true,"href":"https:\/\/diarioregionaldigital.com.br\/index.php?rest_route=%2Fwp%2Fv2%2Ftags&post=213100"}],"curies":[{"name":"wp","href":"https:\/\/api.w.org\/{rel}","templated":true}]}}