{"id":213070,"date":"2023-04-26T21:17:48","date_gmt":"2023-04-27T00:17:48","guid":{"rendered":"https:\/\/diarioregionaldigital.com.br\/?p=213070"},"modified":"2023-04-26T21:17:48","modified_gmt":"2023-04-27T00:17:48","slug":"ayrton-senna-e-declarado-patrono-do-esporte-brasileiro","status":"publish","type":"post","link":"https:\/\/diarioregionaldigital.com.br\/?p=213070","title":{"rendered":"Ayrton Senna \u00e9 declarado Patrono do Esporte Brasileiro"},"content":{"rendered":"<p>O tricampe\u00e3o mundial de F\u00f3rmula 1 Ayrton Senna da Silva foi declarado Patrono do Esporte Brasileiro atrav\u00e9s da Lei 14.559\/2023, sancionada pelo vice-presidente e presidente em exerc\u00edcio, Geraldo Alckmin. A informa\u00e7\u00e3o foi publicada na edi\u00e7\u00e3o desta quarta-feira (26) do Di\u00e1rio Oficial da Uni\u00e3o.<\/p>\n<p>A homenagem \u00e9 fruto do PL 2.793\/2019, proposto pelo deputado Filipe Barros (PL-PR). Para justificar a concess\u00e3o do t\u00edtulo ao piloto, o parlamentar destacou a atua\u00e7\u00e3o esportiva de Senna e sua representatividade para o esporte brasileiro.<\/p>\n<p>\u201cAyrton Senna estabeleceu um novo patamar de excel\u00eancia no esporte. Foi incans\u00e1vel na busca de ultrapassar seus pr\u00f3prios limites, sendo respons\u00e1vel por alguns dos momentos mais marcantes na mem\u00f3ria do torcedor brasileiro\u201d, declarou Filipe Barros.<\/p>\n<p>Ayrton Senna, que \u00e9 celebrado e respeitado como um dos maiores talentos que o esporte j\u00e1 viu, morreu ap\u00f3s sofrer um grave acidente no ano de 1994 durante o Grande Pr\u00eamio de \u00cdmola (It\u00e1lia) de F\u00f3rmula 1, oportunidade na qual corria pela equipe inglesa Williams.<\/p>\n<p><span style=\"font-weight: 400;\">Fonte: Ag\u00eancia Brasil <\/span><\/p>\n","protected":false},"excerpt":{"rendered":"<p>O tricampe\u00e3o mundial de F\u00f3rmula 1 Ayrton Senna da Silva foi declarado Patrono do Esporte Brasileiro atrav\u00e9s da Lei 14.559\/2023, sancionada pelo vice-presidente e presidente em exerc\u00edcio, Geraldo Alckmin. A informa\u00e7\u00e3o foi publicada na edi\u00e7\u00e3o desta quarta-feira (26) do Di\u00e1rio Oficial da Uni\u00e3o. A homenagem \u00e9 fruto do PL 2.793\/2019, proposto pelo deputado Filipe Barros [&hellip;]<\/p>\n","protected":false},"author":246,"featured_media":213071,"comment_status":"closed","ping_status":"closed","sticky":false,"template":"","format":"standard","meta":{"footnotes":""},"categories":[436,440,257,439],"tags":[],"class_list":["post-213070","post","type-post","status-publish","format-standard","has-post-thumbnail","hentry","category-destaque-da-semana","category-destaques-do-dia","category-esporte","category-ultima-hora"],"_links":{"self":[{"href":"https:\/\/diarioregionaldigital.com.br\/index.php?rest_route=\/wp\/v2\/posts\/213070","targetHints":{"allow":["GET"]}}],"collection":[{"href":"https:\/\/diarioregionaldigital.com.br\/index.php?rest_route=\/wp\/v2\/posts"}],"about":[{"href":"https:\/\/diarioregionaldigital.com.br\/index.php?rest_route=\/wp\/v2\/types\/post"}],"author":[{"embeddable":true,"href":"https:\/\/diarioregionaldigital.com.br\/index.php?rest_route=\/wp\/v2\/users\/246"}],"replies":[{"embeddable":true,"href":"https:\/\/diarioregionaldigital.com.br\/index.php?rest_route=%2Fwp%2Fv2%2Fcomments&post=213070"}],"version-history":[{"count":1,"href":"https:\/\/diarioregionaldigital.com.br\/index.php?rest_route=\/wp\/v2\/posts\/213070\/revisions"}],"predecessor-version":[{"id":213072,"href":"https:\/\/diarioregionaldigital.com.br\/index.php?rest_route=\/wp\/v2\/posts\/213070\/revisions\/213072"}],"wp:featuredmedia":[{"embeddable":true,"href":"https:\/\/diarioregionaldigital.com.br\/index.php?rest_route=\/wp\/v2\/media\/213071"}],"wp:attachment":[{"href":"https:\/\/diarioregionaldigital.com.br\/index.php?rest_route=%2Fwp%2Fv2%2Fmedia&parent=213070"}],"wp:term":[{"taxonomy":"category","embeddable":true,"href":"https:\/\/diarioregionaldigital.com.br\/index.php?rest_route=%2Fwp%2Fv2%2Fcategories&post=213070"},{"taxonomy":"post_tag","embeddable":true,"href":"https:\/\/diarioregionaldigital.com.br\/index.php?rest_route=%2Fwp%2Fv2%2Ftags&post=213070"}],"curies":[{"name":"wp","href":"https:\/\/api.w.org\/{rel}","templated":true}]}}